{"id":1152,"date":"2023-12-20T11:09:15","date_gmt":"2023-12-20T08:09:15","guid":{"rendered":"https:\/\/www.unicosigorta.com.tr\/blog\/?p=1152"},"modified":"2023-12-20T11:12:19","modified_gmt":"2023-12-20T08:12:19","slug":"unico-sigorta-35-yilini-ciragan-sarayinda-gorkemli-bir-gala-ile-kutladi","status":"publish","type":"post","link":"https:\/\/www.unicosigorta.com.tr\/blog\/unico-sigorta-35-yilini-ciragan-sarayinda-gorkemli-bir-gala-ile-kutladi\/","title":{"rendered":"Unico Sigorta 35. y\u0131l\u0131n\u0131 \u00c7\u0131ra\u011fan Saray\u0131&#8217;nda G\u00f6rkemli Bir Gala ile Kutlad\u0131"},"content":{"rendered":"\n<p><strong>K\u00f6klerinin de\u011ferini bilmekten ald\u0131\u011f\u0131 g\u00fc\u00e7le \u00e7al\u0131\u015fmalar\u0131n\u0131 s\u00fcrd\u00fcren Unico Sigorta, 35. y\u0131l\u0131n\u0131 \u201cK\u00f6klerimizden Gelece\u011fe\u201d temas\u0131yla \u00c7\u0131ra\u011fan Saray\u0131\u2019nda d\u00fczenledi\u011fi bir etkinlik ile kutlad\u0131.<\/strong><\/p>\n\n\n\n<p>Yenilik\u00e7i sigortac\u0131l\u0131k \u00fcr\u00fcn ve hizmetleri sunarak s\u00fcrd\u00fcr\u00fclebilir b\u00fcy\u00fcmeye hizmet eden Unico Sigorta, \u00c7\u0131ra\u011fan Saray\u0131&#8217;n\u0131n tarihi atmosferinde \u00e7al\u0131\u015fanlar\u0131n\u0131, i\u015f ortaklar\u0131n\u0131 ve sekt\u00f6r temsilcilerini a\u011f\u0131rlad\u0131. 400 konu\u011fun kat\u0131l\u0131m\u0131yla ger\u00e7ekle\u015fen gala gecesi, Unico Sigorta\u2019n\u0131n 35 y\u0131ll\u0131k ba\u015far\u0131 \u00f6yk\u00fcs\u00fcn\u00fc yans\u0131tan \u00f6zel bir video g\u00f6sterimi ile ba\u015flad\u0131. Ard\u0131ndan, 2023 y\u0131l\u0131 boyunca en iyi performans g\u00f6steren acentelere ve Unico Sigorta \u00e7al\u0131\u015fanlar\u0131na k\u0131dem \u00f6d\u00fclleri takdim edildi. A\u015fk\u0131n Nur Yengi\u2019nin canl\u0131 performans\u0131 ve yeni y\u0131l partisi ile devam eden galada, t\u00fcm misafirler unutulmaz bir gece ge\u00e7irdi.<\/p>\n\n\n\n<figure class=\"wp-block-image size-full\"><img  title=\"\" loading=\"lazy\" decoding=\"async\" width=\"2500\" height=\"1667\" src=\"https:\/\/www.unicosigorta.com.tr\/blog\/dosyalar\/2023\/12\/acilis-konusmasi.jpg\"  alt=\"acilis-konusmasi Unico Sigorta 35. y\u0131l\u0131n\u0131 \u00c7\u0131ra\u011fan Saray\u0131&#039;nda G\u00f6rkemli Bir Gala ile Kutlad\u0131\"  class=\"wp-image-1154\" srcset=\"https:\/\/www.unicosigorta.com.tr\/blog\/dosyalar\/2023\/12\/acilis-konusmasi.jpg 2500w, https:\/\/www.unicosigorta.com.tr\/blog\/dosyalar\/2023\/12\/acilis-konusmasi-750x500.jpg 750w, https:\/\/www.unicosigorta.com.tr\/blog\/dosyalar\/2023\/12\/acilis-konusmasi-768x512.jpg 768w, https:\/\/www.unicosigorta.com.tr\/blog\/dosyalar\/2023\/12\/acilis-konusmasi-1536x1024.jpg 1536w, https:\/\/www.unicosigorta.com.tr\/blog\/dosyalar\/2023\/12\/acilis-konusmasi-2048x1366.jpg 2048w, https:\/\/www.unicosigorta.com.tr\/blog\/dosyalar\/2023\/12\/acilis-konusmasi-696x464.jpg 696w, https:\/\/www.unicosigorta.com.tr\/blog\/dosyalar\/2023\/12\/acilis-konusmasi-1068x712.jpg 1068w, https:\/\/www.unicosigorta.com.tr\/blog\/dosyalar\/2023\/12\/acilis-konusmasi-630x420.jpg 630w, https:\/\/www.unicosigorta.com.tr\/blog\/dosyalar\/2023\/12\/acilis-konusmasi-1920x1280.jpg 1920w\" sizes=\"auto, (max-width: 2500px) 100vw, 2500px\" \/><\/figure>\n\n\n\n<p>Galan\u0131n a\u00e7\u0131l\u0131\u015f konu\u015fmas\u0131nda, <strong>Unico Sigorta Genel M\u00fcd\u00fcr\u00fc Ender G\u00fczeler<\/strong>, \u201cUnico Sigorta olarak 35 y\u0131ll\u0131k yolculu\u011fumuzda k\u00f6klerimizden ald\u0131\u011f\u0131m\u0131z g\u00fc\u00e7 ve insan odakl\u0131 yakla\u015f\u0131m\u0131m\u0131z ile t\u00fcm payda\u015flar\u0131m\u0131zla gelece\u011fe birlikte y\u00fcr\u00fcyoruz. 35 y\u0131l hem uzun bir s\u00fcre hem de i\u00e7inde s\u00fcrekli de\u011fi\u015fimi bar\u0131nd\u0131rd\u0131\u011f\u0131ndan k\u0131sa bir zaman dilimi. Biz bu s\u00fcreyi \u00e7ok verimli ge\u00e7irdik. M\u00fc\u015fterilerimizin ihtiya\u00e7lar\u0131n\u0131 tespit ettik, beklentilerini y\u00f6nettik. S\u00fcre\u00e7lerimizi de\u011fi\u015ftirdik, verimli hale getirdik. T\u00fcm i\u015f yap\u0131\u015f bi\u00e7imlerimizi ve de\u011fer zincirimizi ayn\u0131 \u00e7izgide hizalad\u0131k. Bug\u00fcn geldi\u011fimiz noktada Unico Sigorta hi\u00e7 olmad\u0131\u011f\u0131 kadar g\u00fc\u00e7l\u00fc ve kararl\u0131 bir \u015fekilde varl\u0131\u011f\u0131n\u0131 s\u00fcrd\u00fcr\u00fcyor.<\/p>\n\n\n\n<p>2022 y\u0131l\u0131nda, &#8220;De\u011fi\u015fim, D\u00f6n\u00fc\u015f\u00fcm ve Geli\u015fim&#8221; slogan\u0131yla ifade etti\u011fimiz ve 2026 sonuna kadar s\u00fcrecek i\u015f plan\u0131m\u0131z\u0131n ilk iki y\u0131l\u0131n\u0131 olduk\u00e7a ba\u015far\u0131l\u0131 bir \u015fekilde tamamlam\u0131\u015f durumday\u0131z. \u00d6n\u00fcm\u00fczdeki y\u0131llarda da ayn\u0131 istikrarla sekt\u00f6rdeki pozisyonumuzu g\u00fc\u00e7lendirece\u011fiz.<\/p>\n\n\n\n<p>Gelece\u011fe ili\u015fkin hayallerimiz, hedeflerimiz var. \u00c7al\u0131\u015fmaya, \u00fcretmeye, ba\u015farmaya ve iyi olmaya tutkuyla ba\u011fl\u0131y\u0131z. Bunun i\u00e7in de k\u00f6klerimize tutunuyor, de\u011ferlerimizle \u00e7al\u0131\u015f\u0131yoruz.<\/p>\n\n\n\n<p>Bu vesileyle, b\u00fcy\u00fck Unico Sigorta ailesinin bir par\u00e7as\u0131 olan ve bu g\u00fcnlere birlikte geldi\u011fimiz t\u00fcm \u00e7al\u0131\u015fma arkada\u015flar\u0131m\u0131za, i\u015f ortaklar\u0131m\u0131za ve de\u011ferli y\u00f6netim kurulumuza \u00e7ok te\u015fekk\u00fcr ederim.\u201d Dedi.<\/p>\n","protected":false},"excerpt":{"rendered":"<p>Unico Sigorta 35. y\u0131l\u0131n\u0131 \u00c7\u0131ra\u011fan Saray\u0131&#8217;nda G\u00f6rkemli Bir Gala ile Kutlad\u0131<\/p>\n","protected":false},"author":4,"featured_media":1153,"comment_status":"open","ping_status":"open","sticky":false,"template":"","format":"standard","meta":{"_acf_changed":false,"amp_status":"","footnotes":"","_links_to":"","_links_to_target":""},"categories":[316,70],"tags":[362,359,360,357,358],"class_list":["post-1152","post","type-post","status-publish","format-standard","has-post-thumbnail","hentry","category-haberler","category-unico-sigorta-anasayfa","tag-35-yilgalasi","tag-ciragansarayi","tag-sigortahaber","tag-unicosigorta","tag-unicosigorta35yasinda-2"],"acf":[],"yoast_head":"<!-- This site is optimized with the Yoast SEO plugin v26.6 - https:\/\/yoast.com\/wordpress\/plugins\/seo\/ -->\n<title>Unico Sigorta 35. y\u0131l\u0131n\u0131 \u00c7\u0131ra\u011fan Saray\u0131&#039;nda G\u00f6rkemli Bir Gala ile Kutlad\u0131 -<\/title>\n<meta name=\"description\" content=\"K\u00f6klerinin de\u011ferini bilmekten ald\u0131\u011f\u0131 g\u00fc\u00e7le \u00e7al\u0131\u015fmalar\u0131n\u0131 s\u00fcrd\u00fcren Unico Sigorta, 35. y\u0131l\u0131n\u0131 \u201cK\u00f6klerimizden Gelece\u011fe\u201d temas\u0131yla \u00c7\u0131ra\u011fan Saray\u0131\u2019nda d\u00fczenledi\u011fi bir etkinlik ile kutlad\u0131.\" \/>\n<meta name=\"robots\" content=\"index, follow, max-snippet:-1, max-image-preview:large, max-video-preview:-1\" \/>\n<link rel=\"canonical\" href=\"https:\/\/www.unicosigorta.com.tr\/blog\/unico-sigorta-35-yilini-ciragan-sarayinda-gorkemli-bir-gala-ile-kutladi\/\" \/>\n<meta property=\"og:locale\" content=\"tr_TR\" \/>\n<meta property=\"og:type\" content=\"article\" \/>\n<meta property=\"og:title\" content=\"Unico Sigorta 35. y\u0131l\u0131n\u0131 \u00c7\u0131ra\u011fan Saray\u0131&#039;nda G\u00f6rkemli Bir Gala ile Kutlad\u0131 -\" \/>\n<meta property=\"og:description\" content=\"K\u00f6klerinin de\u011ferini bilmekten ald\u0131\u011f\u0131 g\u00fc\u00e7le \u00e7al\u0131\u015fmalar\u0131n\u0131 s\u00fcrd\u00fcren Unico Sigorta, 35. y\u0131l\u0131n\u0131 \u201cK\u00f6klerimizden Gelece\u011fe\u201d temas\u0131yla \u00c7\u0131ra\u011fan Saray\u0131\u2019nda d\u00fczenledi\u011fi bir etkinlik ile kutlad\u0131.\" \/>\n<meta property=\"og:url\" content=\"https:\/\/www.unicosigorta.com.tr\/blog\/unico-sigorta-35-yilini-ciragan-sarayinda-gorkemli-bir-gala-ile-kutladi\/\" \/>\n<meta property=\"article:author\" content=\"https:\/\/facebook.com\/unicosigorta\" \/>\n<meta property=\"article:published_time\" content=\"2023-12-20T08:09:15+00:00\" \/>\n<meta property=\"article:modified_time\" content=\"2023-12-20T08:12:19+00:00\" \/>\n<meta property=\"og:image\" content=\"https:\/\/www.unicosigorta.com.tr\/blog\/dosyalar\/2023\/12\/yonetim-kurulu.jpg\" \/>\n\t<meta property=\"og:image:width\" content=\"2500\" \/>\n\t<meta property=\"og:image:height\" content=\"1667\" \/>\n\t<meta property=\"og:image:type\" content=\"image\/jpeg\" \/>\n<meta name=\"author\" content=\"Unico Sigorta\" \/>\n<meta name=\"twitter:card\" content=\"summary_large_image\" \/>\n<meta name=\"twitter:creator\" content=\"@https:\/\/x.com\/unicosigorta\" \/>\n<meta name=\"twitter:label1\" content=\"Yazan:\" \/>\n\t<meta name=\"twitter:data1\" content=\"Unico Sigorta\" \/>\n\t<meta name=\"twitter:label2\" content=\"Tahmini okuma s\u00fcresi\" \/>\n\t<meta name=\"twitter:data2\" content=\"2 dakika\" \/>\n<script type=\"application\/ld+json\" class=\"yoast-schema-graph\">{\"@context\":\"https:\/\/schema.org\",\"@graph\":[{\"@type\":\"Article\",\"@id\":\"https:\/\/www.unicosigorta.com.tr\/blog\/unico-sigorta-35-yilini-ciragan-sarayinda-gorkemli-bir-gala-ile-kutladi\/#article\",\"isPartOf\":{\"@id\":\"https:\/\/www.unicosigorta.com.tr\/blog\/unico-sigorta-35-yilini-ciragan-sarayinda-gorkemli-bir-gala-ile-kutladi\/\"},\"author\":{\"name\":\"Unico Sigorta\",\"@id\":\"https:\/\/www.unicosigorta.com.tr\/blog\/#\/schema\/person\/6004a0a9dfde32a99fa387a1d1cca25f\"},\"headline\":\"Unico Sigorta 35. y\u0131l\u0131n\u0131 \u00c7\u0131ra\u011fan Saray\u0131&#8217;nda G\u00f6rkemli Bir Gala ile Kutlad\u0131\",\"datePublished\":\"2023-12-20T08:09:15+00:00\",\"dateModified\":\"2023-12-20T08:12:19+00:00\",\"mainEntityOfPage\":{\"@id\":\"https:\/\/www.unicosigorta.com.tr\/blog\/unico-sigorta-35-yilini-ciragan-sarayinda-gorkemli-bir-gala-ile-kutladi\/\"},\"wordCount\":440,\"commentCount\":0,\"publisher\":{\"@id\":\"https:\/\/www.unicosigorta.com.tr\/blog\/#organization\"},\"image\":{\"@id\":\"https:\/\/www.unicosigorta.com.tr\/blog\/unico-sigorta-35-yilini-ciragan-sarayinda-gorkemli-bir-gala-ile-kutladi\/#primaryimage\"},\"thumbnailUrl\":\"https:\/\/www.unicosigorta.com.tr\/blog\/dosyalar\/2023\/12\/yonetim-kurulu.jpg\",\"keywords\":[\"35.y\u0131lgalas\u0131\",\"\u00e7\u0131ra\u011fansaray\u0131\",\"sigortahaber\",\"unicosigorta\",\"unicosigorta35ya\u015f\u0131nda\"],\"articleSection\":[\"Haberler\",\"Unico Sigorta Anasayfa\"],\"inLanguage\":\"tr\",\"potentialAction\":[{\"@type\":\"CommentAction\",\"name\":\"Comment\",\"target\":[\"https:\/\/www.unicosigorta.com.tr\/blog\/unico-sigorta-35-yilini-ciragan-sarayinda-gorkemli-bir-gala-ile-kutladi\/#respond\"]}]},{\"@type\":\"WebPage\",\"@id\":\"https:\/\/www.unicosigorta.com.tr\/blog\/unico-sigorta-35-yilini-ciragan-sarayinda-gorkemli-bir-gala-ile-kutladi\/\",\"url\":\"https:\/\/www.unicosigorta.com.tr\/blog\/unico-sigorta-35-yilini-ciragan-sarayinda-gorkemli-bir-gala-ile-kutladi\/\",\"name\":\"Unico Sigorta 35. y\u0131l\u0131n\u0131 \u00c7\u0131ra\u011fan Saray\u0131'nda G\u00f6rkemli Bir Gala ile Kutlad\u0131 -\",\"isPartOf\":{\"@id\":\"https:\/\/www.unicosigorta.com.tr\/blog\/#website\"},\"primaryImageOfPage\":{\"@id\":\"https:\/\/www.unicosigorta.com.tr\/blog\/unico-sigorta-35-yilini-ciragan-sarayinda-gorkemli-bir-gala-ile-kutladi\/#primaryimage\"},\"image\":{\"@id\":\"https:\/\/www.unicosigorta.com.tr\/blog\/unico-sigorta-35-yilini-ciragan-sarayinda-gorkemli-bir-gala-ile-kutladi\/#primaryimage\"},\"thumbnailUrl\":\"https:\/\/www.unicosigorta.com.tr\/blog\/dosyalar\/2023\/12\/yonetim-kurulu.jpg\",\"datePublished\":\"2023-12-20T08:09:15+00:00\",\"dateModified\":\"2023-12-20T08:12:19+00:00\",\"description\":\"K\u00f6klerinin de\u011ferini bilmekten ald\u0131\u011f\u0131 g\u00fc\u00e7le \u00e7al\u0131\u015fmalar\u0131n\u0131 s\u00fcrd\u00fcren Unico Sigorta, 35. y\u0131l\u0131n\u0131 \u201cK\u00f6klerimizden Gelece\u011fe\u201d temas\u0131yla \u00c7\u0131ra\u011fan Saray\u0131\u2019nda d\u00fczenledi\u011fi bir etkinlik ile kutlad\u0131.\",\"breadcrumb\":{\"@id\":\"https:\/\/www.unicosigorta.com.tr\/blog\/unico-sigorta-35-yilini-ciragan-sarayinda-gorkemli-bir-gala-ile-kutladi\/#breadcrumb\"},\"inLanguage\":\"tr\",\"potentialAction\":[{\"@type\":\"ReadAction\",\"target\":[\"https:\/\/www.unicosigorta.com.tr\/blog\/unico-sigorta-35-yilini-ciragan-sarayinda-gorkemli-bir-gala-ile-kutladi\/\"]}]},{\"@type\":\"ImageObject\",\"inLanguage\":\"tr\",\"@id\":\"https:\/\/www.unicosigorta.com.tr\/blog\/unico-sigorta-35-yilini-ciragan-sarayinda-gorkemli-bir-gala-ile-kutladi\/#primaryimage\",\"url\":\"https:\/\/www.unicosigorta.com.tr\/blog\/dosyalar\/2023\/12\/yonetim-kurulu.jpg\",\"contentUrl\":\"https:\/\/www.unicosigorta.com.tr\/blog\/dosyalar\/2023\/12\/yonetim-kurulu.jpg\",\"width\":2500,\"height\":1667},{\"@type\":\"BreadcrumbList\",\"@id\":\"https:\/\/www.unicosigorta.com.tr\/blog\/unico-sigorta-35-yilini-ciragan-sarayinda-gorkemli-bir-gala-ile-kutladi\/#breadcrumb\",\"itemListElement\":[{\"@type\":\"ListItem\",\"position\":1,\"name\":\"Ana sayfa\",\"item\":\"https:\/\/www.unicosigorta.com.tr\/blog\/\"},{\"@type\":\"ListItem\",\"position\":2,\"name\":\"Unico Sigorta 35. y\u0131l\u0131n\u0131 \u00c7\u0131ra\u011fan Saray\u0131&#8217;nda G\u00f6rkemli Bir Gala ile Kutlad\u0131\"}]},{\"@type\":\"WebSite\",\"@id\":\"https:\/\/www.unicosigorta.com.tr\/blog\/#website\",\"url\":\"https:\/\/www.unicosigorta.com.tr\/blog\/\",\"name\":\"Unico Blog\",\"description\":\"De\u011ferini Bilir, G\u00fcven Verir.\",\"publisher\":{\"@id\":\"https:\/\/www.unicosigorta.com.tr\/blog\/#organization\"},\"potentialAction\":[{\"@type\":\"SearchAction\",\"target\":{\"@type\":\"EntryPoint\",\"urlTemplate\":\"https:\/\/www.unicosigorta.com.tr\/blog\/?s={search_term_string}\"},\"query-input\":{\"@type\":\"PropertyValueSpecification\",\"valueRequired\":true,\"valueName\":\"search_term_string\"}}],\"inLanguage\":\"tr\"},{\"@type\":\"Organization\",\"@id\":\"https:\/\/www.unicosigorta.com.tr\/blog\/#organization\",\"name\":\"Unico Blog\",\"url\":\"https:\/\/www.unicosigorta.com.tr\/blog\/\",\"logo\":{\"@type\":\"ImageObject\",\"inLanguage\":\"tr\",\"@id\":\"https:\/\/www.unicosigorta.com.tr\/blog\/#\/schema\/logo\/image\/\",\"url\":\"https:\/\/www.unicosigorta.com.tr\/blog\/dosyalar\/2025\/10\/cropped-uni-logo-2.jpg\",\"contentUrl\":\"https:\/\/www.unicosigorta.com.tr\/blog\/dosyalar\/2025\/10\/cropped-uni-logo-2.jpg\",\"width\":512,\"height\":512,\"caption\":\"Unico Blog\"},\"image\":{\"@id\":\"https:\/\/www.unicosigorta.com.tr\/blog\/#\/schema\/logo\/image\/\"}},{\"@type\":\"Person\",\"@id\":\"https:\/\/www.unicosigorta.com.tr\/blog\/#\/schema\/person\/6004a0a9dfde32a99fa387a1d1cca25f\",\"name\":\"Unico Sigorta\",\"image\":{\"@type\":\"ImageObject\",\"inLanguage\":\"tr\",\"@id\":\"https:\/\/www.unicosigorta.com.tr\/blog\/#\/schema\/person\/image\/\",\"url\":\"https:\/\/secure.gravatar.com\/avatar\/2508611f2b31fd3961e523591a0ace86bbd8b96f6eeb268043bc5127e6c53bf5?s=96&d=mm&r=g\",\"contentUrl\":\"https:\/\/secure.gravatar.com\/avatar\/2508611f2b31fd3961e523591a0ace86bbd8b96f6eeb268043bc5127e6c53bf5?s=96&d=mm&r=g\",\"caption\":\"Unico Sigorta\"},\"sameAs\":[\"https:\/\/www.unicosigorta.com.tr\/blog\",\"https:\/\/facebook.com\/unicosigorta\",\"https:\/\/instagram.com\/unicosigorta\",\"https:\/\/linkedin.com\/company\/unicosigorta\",\"https:\/\/x.com\/https:\/\/x.com\/unicosigorta\",\"https:\/\/www.youtube.com\/c\/UnicoSigorta1\"],\"url\":\"https:\/\/www.unicosigorta.com.tr\/blog\/author\/unico\/\"}]}<\/script>\n<!-- \/ Yoast SEO plugin. -->","yoast_head_json":{"title":"Unico Sigorta 35. y\u0131l\u0131n\u0131 \u00c7\u0131ra\u011fan Saray\u0131'nda G\u00f6rkemli Bir Gala ile Kutlad\u0131 -","description":"K\u00f6klerinin de\u011ferini bilmekten ald\u0131\u011f\u0131 g\u00fc\u00e7le \u00e7al\u0131\u015fmalar\u0131n\u0131 s\u00fcrd\u00fcren Unico Sigorta, 35. y\u0131l\u0131n\u0131 \u201cK\u00f6klerimizden Gelece\u011fe\u201d temas\u0131yla \u00c7\u0131ra\u011fan Saray\u0131\u2019nda d\u00fczenledi\u011fi bir etkinlik ile kutlad\u0131.","robots":{"index":"index","follow":"follow","max-snippet":"max-snippet:-1","max-image-preview":"max-image-preview:large","max-video-preview":"max-video-preview:-1"},"canonical":"https:\/\/www.unicosigorta.com.tr\/blog\/unico-sigorta-35-yilini-ciragan-sarayinda-gorkemli-bir-gala-ile-kutladi\/","og_locale":"tr_TR","og_type":"article","og_title":"Unico Sigorta 35. y\u0131l\u0131n\u0131 \u00c7\u0131ra\u011fan Saray\u0131'nda G\u00f6rkemli Bir Gala ile Kutlad\u0131 -","og_description":"K\u00f6klerinin de\u011ferini bilmekten ald\u0131\u011f\u0131 g\u00fc\u00e7le \u00e7al\u0131\u015fmalar\u0131n\u0131 s\u00fcrd\u00fcren Unico Sigorta, 35. y\u0131l\u0131n\u0131 \u201cK\u00f6klerimizden Gelece\u011fe\u201d temas\u0131yla \u00c7\u0131ra\u011fan Saray\u0131\u2019nda d\u00fczenledi\u011fi bir etkinlik ile kutlad\u0131.","og_url":"https:\/\/www.unicosigorta.com.tr\/blog\/unico-sigorta-35-yilini-ciragan-sarayinda-gorkemli-bir-gala-ile-kutladi\/","article_author":"https:\/\/facebook.com\/unicosigorta","article_published_time":"2023-12-20T08:09:15+00:00","article_modified_time":"2023-12-20T08:12:19+00:00","og_image":[{"width":2500,"height":1667,"url":"https:\/\/www.unicosigorta.com.tr\/blog\/dosyalar\/2023\/12\/yonetim-kurulu.jpg","type":"image\/jpeg"}],"author":"Unico Sigorta","twitter_card":"summary_large_image","twitter_creator":"@https:\/\/x.com\/unicosigorta","twitter_misc":{"Yazan:":"Unico Sigorta","Tahmini okuma s\u00fcresi":"2 dakika"},"schema":{"@context":"https:\/\/schema.org","@graph":[{"@type":"Article","@id":"https:\/\/www.unicosigorta.com.tr\/blog\/unico-sigorta-35-yilini-ciragan-sarayinda-gorkemli-bir-gala-ile-kutladi\/#article","isPartOf":{"@id":"https:\/\/www.unicosigorta.com.tr\/blog\/unico-sigorta-35-yilini-ciragan-sarayinda-gorkemli-bir-gala-ile-kutladi\/"},"author":{"name":"Unico Sigorta","@id":"https:\/\/www.unicosigorta.com.tr\/blog\/#\/schema\/person\/6004a0a9dfde32a99fa387a1d1cca25f"},"headline":"Unico Sigorta 35. y\u0131l\u0131n\u0131 \u00c7\u0131ra\u011fan Saray\u0131&#8217;nda G\u00f6rkemli Bir Gala ile Kutlad\u0131","datePublished":"2023-12-20T08:09:15+00:00","dateModified":"2023-12-20T08:12:19+00:00","mainEntityOfPage":{"@id":"https:\/\/www.unicosigorta.com.tr\/blog\/unico-sigorta-35-yilini-ciragan-sarayinda-gorkemli-bir-gala-ile-kutladi\/"},"wordCount":440,"commentCount":0,"publisher":{"@id":"https:\/\/www.unicosigorta.com.tr\/blog\/#organization"},"image":{"@id":"https:\/\/www.unicosigorta.com.tr\/blog\/unico-sigorta-35-yilini-ciragan-sarayinda-gorkemli-bir-gala-ile-kutladi\/#primaryimage"},"thumbnailUrl":"https:\/\/www.unicosigorta.com.tr\/blog\/dosyalar\/2023\/12\/yonetim-kurulu.jpg","keywords":["35.y\u0131lgalas\u0131","\u00e7\u0131ra\u011fansaray\u0131","sigortahaber","unicosigorta","unicosigorta35ya\u015f\u0131nda"],"articleSection":["Haberler","Unico Sigorta Anasayfa"],"inLanguage":"tr","potentialAction":[{"@type":"CommentAction","name":"Comment","target":["https:\/\/www.unicosigorta.com.tr\/blog\/unico-sigorta-35-yilini-ciragan-sarayinda-gorkemli-bir-gala-ile-kutladi\/#respond"]}]},{"@type":"WebPage","@id":"https:\/\/www.unicosigorta.com.tr\/blog\/unico-sigorta-35-yilini-ciragan-sarayinda-gorkemli-bir-gala-ile-kutladi\/","url":"https:\/\/www.unicosigorta.com.tr\/blog\/unico-sigorta-35-yilini-ciragan-sarayinda-gorkemli-bir-gala-ile-kutladi\/","name":"Unico Sigorta 35. y\u0131l\u0131n\u0131 \u00c7\u0131ra\u011fan Saray\u0131'nda G\u00f6rkemli Bir Gala ile Kutlad\u0131 -","isPartOf":{"@id":"https:\/\/www.unicosigorta.com.tr\/blog\/#website"},"primaryImageOfPage":{"@id":"https:\/\/www.unicosigorta.com.tr\/blog\/unico-sigorta-35-yilini-ciragan-sarayinda-gorkemli-bir-gala-ile-kutladi\/#primaryimage"},"image":{"@id":"https:\/\/www.unicosigorta.com.tr\/blog\/unico-sigorta-35-yilini-ciragan-sarayinda-gorkemli-bir-gala-ile-kutladi\/#primaryimage"},"thumbnailUrl":"https:\/\/www.unicosigorta.com.tr\/blog\/dosyalar\/2023\/12\/yonetim-kurulu.jpg","datePublished":"2023-12-20T08:09:15+00:00","dateModified":"2023-12-20T08:12:19+00:00","description":"K\u00f6klerinin de\u011ferini bilmekten ald\u0131\u011f\u0131 g\u00fc\u00e7le \u00e7al\u0131\u015fmalar\u0131n\u0131 s\u00fcrd\u00fcren Unico Sigorta, 35. y\u0131l\u0131n\u0131 \u201cK\u00f6klerimizden Gelece\u011fe\u201d temas\u0131yla \u00c7\u0131ra\u011fan Saray\u0131\u2019nda d\u00fczenledi\u011fi bir etkinlik ile kutlad\u0131.","breadcrumb":{"@id":"https:\/\/www.unicosigorta.com.tr\/blog\/unico-sigorta-35-yilini-ciragan-sarayinda-gorkemli-bir-gala-ile-kutladi\/#breadcrumb"},"inLanguage":"tr","potentialAction":[{"@type":"ReadAction","target":["https:\/\/www.unicosigorta.com.tr\/blog\/unico-sigorta-35-yilini-ciragan-sarayinda-gorkemli-bir-gala-ile-kutladi\/"]}]},{"@type":"ImageObject","inLanguage":"tr","@id":"https:\/\/www.unicosigorta.com.tr\/blog\/unico-sigorta-35-yilini-ciragan-sarayinda-gorkemli-bir-gala-ile-kutladi\/#primaryimage","url":"https:\/\/www.unicosigorta.com.tr\/blog\/dosyalar\/2023\/12\/yonetim-kurulu.jpg","contentUrl":"https:\/\/www.unicosigorta.com.tr\/blog\/dosyalar\/2023\/12\/yonetim-kurulu.jpg","width":2500,"height":1667},{"@type":"BreadcrumbList","@id":"https:\/\/www.unicosigorta.com.tr\/blog\/unico-sigorta-35-yilini-ciragan-sarayinda-gorkemli-bir-gala-ile-kutladi\/#breadcrumb","itemListElement":[{"@type":"ListItem","position":1,"name":"Ana sayfa","item":"https:\/\/www.unicosigorta.com.tr\/blog\/"},{"@type":"ListItem","position":2,"name":"Unico Sigorta 35. y\u0131l\u0131n\u0131 \u00c7\u0131ra\u011fan Saray\u0131&#8217;nda G\u00f6rkemli Bir Gala ile Kutlad\u0131"}]},{"@type":"WebSite","@id":"https:\/\/www.unicosigorta.com.tr\/blog\/#website","url":"https:\/\/www.unicosigorta.com.tr\/blog\/","name":"Unico Blog","description":"De\u011ferini Bilir, G\u00fcven Verir.","publisher":{"@id":"https:\/\/www.unicosigorta.com.tr\/blog\/#organization"},"potentialAction":[{"@type":"SearchAction","target":{"@type":"EntryPoint","urlTemplate":"https:\/\/www.unicosigorta.com.tr\/blog\/?s={search_term_string}"},"query-input":{"@type":"PropertyValueSpecification","valueRequired":true,"valueName":"search_term_string"}}],"inLanguage":"tr"},{"@type":"Organization","@id":"https:\/\/www.unicosigorta.com.tr\/blog\/#organization","name":"Unico Blog","url":"https:\/\/www.unicosigorta.com.tr\/blog\/","logo":{"@type":"ImageObject","inLanguage":"tr","@id":"https:\/\/www.unicosigorta.com.tr\/blog\/#\/schema\/logo\/image\/","url":"https:\/\/www.unicosigorta.com.tr\/blog\/dosyalar\/2025\/10\/cropped-uni-logo-2.jpg","contentUrl":"https:\/\/www.unicosigorta.com.tr\/blog\/dosyalar\/2025\/10\/cropped-uni-logo-2.jpg","width":512,"height":512,"caption":"Unico Blog"},"image":{"@id":"https:\/\/www.unicosigorta.com.tr\/blog\/#\/schema\/logo\/image\/"}},{"@type":"Person","@id":"https:\/\/www.unicosigorta.com.tr\/blog\/#\/schema\/person\/6004a0a9dfde32a99fa387a1d1cca25f","name":"Unico Sigorta","image":{"@type":"ImageObject","inLanguage":"tr","@id":"https:\/\/www.unicosigorta.com.tr\/blog\/#\/schema\/person\/image\/","url":"https:\/\/secure.gravatar.com\/avatar\/2508611f2b31fd3961e523591a0ace86bbd8b96f6eeb268043bc5127e6c53bf5?s=96&d=mm&r=g","contentUrl":"https:\/\/secure.gravatar.com\/avatar\/2508611f2b31fd3961e523591a0ace86bbd8b96f6eeb268043bc5127e6c53bf5?s=96&d=mm&r=g","caption":"Unico Sigorta"},"sameAs":["https:\/\/www.unicosigorta.com.tr\/blog","https:\/\/facebook.com\/unicosigorta","https:\/\/instagram.com\/unicosigorta","https:\/\/linkedin.com\/company\/unicosigorta","https:\/\/x.com\/https:\/\/x.com\/unicosigorta","https:\/\/www.youtube.com\/c\/UnicoSigorta1"],"url":"https:\/\/www.unicosigorta.com.tr\/blog\/author\/unico\/"}]}},"views":1598,"_links":{"self":[{"href":"https:\/\/www.unicosigorta.com.tr\/blog\/wp-json\/wp\/v2\/posts\/1152","targetHints":{"allow":["GET"]}}],"collection":[{"href":"https:\/\/www.unicosigorta.com.tr\/blog\/wp-json\/wp\/v2\/posts"}],"about":[{"href":"https:\/\/www.unicosigorta.com.tr\/blog\/wp-json\/wp\/v2\/types\/post"}],"author":[{"embeddable":true,"href":"https:\/\/www.unicosigorta.com.tr\/blog\/wp-json\/wp\/v2\/users\/4"}],"replies":[{"embeddable":true,"href":"https:\/\/www.unicosigorta.com.tr\/blog\/wp-json\/wp\/v2\/comments?post=1152"}],"version-history":[{"count":0,"href":"https:\/\/www.unicosigorta.com.tr\/blog\/wp-json\/wp\/v2\/posts\/1152\/revisions"}],"wp:featuredmedia":[{"embeddable":true,"href":"https:\/\/www.unicosigorta.com.tr\/blog\/wp-json\/wp\/v2\/media\/1153"}],"wp:attachment":[{"href":"https:\/\/www.unicosigorta.com.tr\/blog\/wp-json\/wp\/v2\/media?parent=1152"}],"wp:term":[{"taxonomy":"category","embeddable":true,"href":"https:\/\/www.unicosigorta.com.tr\/blog\/wp-json\/wp\/v2\/categories?post=1152"},{"taxonomy":"post_tag","embeddable":true,"href":"https:\/\/www.unicosigorta.com.tr\/blog\/wp-json\/wp\/v2\/tags?post=1152"}],"curies":[{"name":"wp","href":"https:\/\/api.w.org\/{rel}","templated":true}]}}