{"id":344,"date":"2021-02-24T11:10:00","date_gmt":"2021-02-24T08:10:00","guid":{"rendered":"https:\/\/www.unicosigorta.com.tr\/blog\/?p=344"},"modified":"2024-02-20T14:34:17","modified_gmt":"2024-02-20T11:34:17","slug":"tarihte-kis-ayinda-yasanan-olaganustu-hava-olaylari","status":"publish","type":"post","link":"https:\/\/www.unicosigorta.com.tr\/blog\/tarihte-kis-ayinda-yasanan-olaganustu-hava-olaylari\/","title":{"rendered":"Tarihte K\u0131\u015f Ay\u0131nda Ya\u015fanan Ola\u011fan\u00fcst\u00fc Hava Olaylar\u0131"},"content":{"rendered":"<p>Bir zamanlar hava durumu haberleri \u201cHavalar nas\u0131l olursa olsun, sizin havan\u0131z g\u00fczel olsun\u201d slogan\u0131yla adeta b\u00fct\u00fcnle\u015fmi\u015fti. G\u00fcn\u00fcm\u00fczde de ba\u015fka haberleri dinlemeyip sadece hava durumunu takip edenlerin say\u0131s\u0131 hi\u00e7 de az de\u011fil. \u201cYaz\u0131n y\u00fcksek nemden uykular ka\u00e7acak m\u0131?\u201d diye merakla takip edilen hava olaylar\u0131, k\u0131\u015f\u0131n ise \u201cKar ya\u011fsa da okula ya da i\u015fe gitmeyip kar tatili yapsak!\u201d hayalleriyle b\u00fct\u00fcnle\u015fiyor. Ana haberi sunan spikerin ad\u0131n\u0131 bile bilmezken B\u00fcnyamin S\u00fcrmeli&#8217;yi merakla bekliyorsan\u0131z, ve O televizyonda g\u00f6r\u00fcnd\u00fc\u011f\u00fcnde \u201czap\u201d yapmak \u015f\u00f6yle dursun adeta ekrana kilitleniyorsan\u0131z, kendinizi meteoroloji merakl\u0131s\u0131 olarak tan\u0131mlayabilirsiniz.<\/p>\n<p><img  title=\"\" loading=\"lazy\" decoding=\"async\" class=\"alignnone size-full wp-image-346\" src=\"https:\/\/www.unicosigorta.com.tr\/blog\/dosyalar\/2018\/02\/b2-1.png\"  alt=\"b2-1 Tarihte K\u0131\u015f Ay\u0131nda Ya\u015fanan Ola\u011fan\u00fcst\u00fc Hava Olaylar\u0131\"  width=\"750\" height=\"515\" \/><\/p>\n<p>Her ne kadar art\u0131k mahallemizin hava durumuna anl\u0131k olarak cep telefonu uygulamalar\u0131ndan ula\u015fabilsek de kimi zaman tahminler \u015fa\u015fabiliyor. Hatta B\u00fcnyamin S\u00fcrmeli bile zaman zaman ufak yan\u0131lg\u0131lara d\u00fc\u015febiliyor. \u00c7\u00fcnk\u00fc k\u00fcresel \u0131s\u0131nma denilen bir ger\u00e7ek var. Ve bu \u201ck\u00fcresel \u0131s\u0131nma\u201d canavar\u0131 nedeniyle maalesef ki kimliklerini kaybeden, kendinden beklenmeyen davran\u0131\u015flar sergileyen mevsimlere tan\u0131k oluyoruz. Misal, ge\u00e7mekte olan Ocak 2018&#8217;e bir bak\u0131n\u0131z. Adeta k\u0131\u015f mevsimi i\u00e7inde bir ay oldu\u011funu unutmu\u015f; kendini ekim kas\u0131m zanneden; deyim yerindeyse \u201cyalanc\u0131 sonbahar\u201d gibi davranan bir ocak ay\u0131 ya\u015fad\u0131k bu sene. Oysa ge\u00e7mi\u015fte b\u00f6yle miydi? Elbette de\u011fildi. \u0130sterseniz gelin tarihte Ocak ay\u0131nda ya\u015fanan ola\u011fan\u00fcst\u00fc hava olaylar\u0131 hakk\u0131nda bilgilerimizi tazeleyelim:<\/p>\n<p><img  title=\"\" loading=\"lazy\" decoding=\"async\" class=\"alignnone size-medium wp-image-347\" src=\"https:\/\/www.unicosigorta.com.tr\/blog\/dosyalar\/2018\/02\/IB_API_P_1209348-750x500.jpg\"  alt=\"IB_API_P_1209348-750x500 Tarihte K\u0131\u015f Ay\u0131nda Ya\u015fanan Ola\u011fan\u00fcst\u00fc Hava Olaylar\u0131\"  width=\"750\" height=\"500\" srcset=\"https:\/\/www.unicosigorta.com.tr\/blog\/dosyalar\/2018\/02\/IB_API_P_1209348-750x500.jpg 750w, https:\/\/www.unicosigorta.com.tr\/blog\/dosyalar\/2018\/02\/IB_API_P_1209348-768x512.jpg 768w, https:\/\/www.unicosigorta.com.tr\/blog\/dosyalar\/2018\/02\/IB_API_P_1209348.jpg 960w\" sizes=\"auto, (max-width: 750px) 100vw, 750px\" \/><\/p>\n<p><strong>2017&#8217;de Son Otuz Senenin En So\u011fuk Ocak Ay\u0131n\u0131 Ya\u015fad\u0131k<\/strong><\/p>\n<p>\u00c7ok gerilere gitmeye gerek yok. Ge\u00e7en y\u0131l\u0131n ocak ay\u0131 hava \u015fartlar\u0131 durumunu hat\u0131rlay\u0131n. \u0130stanbul&#8217;un sahil semtlerinde bile g\u00fcnlerce kar kalkmam\u0131\u015ft\u0131. En so\u011fuk ge\u00e7en 1992 k\u0131\u015f\u0131n\u0131 aratmayan 2017&#8217;nin rekoru malesef 2018&#8217;in Ocak ay\u0131nda k\u0131r\u0131lamad\u0131. Unutulmayan 1992 k\u0131\u015f\u0131na \u00e7ok benzeyen 2017 k\u0131\u015f\u0131nda, \u00f6zellikle \u0130stanbul&#8217;da ak\u0131llardan \u00e7\u0131kmayacak kar rekorlar\u0131 k\u0131r\u0131ld\u0131. Elbette bu rekorlarda bir \u00f6nceki y\u0131l rekor seviyeye ula\u015fan k\u00fcresel \u0131s\u0131nman\u0131n pay\u0131n\u0131 yads\u0131mamak gerekiyor.<\/p>\n<p><strong>\u00dclkemizin Unutulmaz K\u0131\u015f Efsanesi; Ocak 1992<\/strong><\/p>\n<p>Ola\u011fan\u00fcst\u00fc hava olaylar\u0131 konusu a\u00e7\u0131l\u0131nca elbette 1992 k\u0131\u015f\u0131na de\u011finmemek olmaz. 1992 k\u0131\u015f\u0131n\u0131n efsane olmas\u0131n\u0131n bir \u00e7ok nedeni var. Birincisi, o sene ba\u015fta Karadeniz ve G\u00fcneydo\u011fu Anadolu olmak \u00fczere \u00fclkemizin pek \u00e7ok b\u00f6lgesinde yo\u011fun kar ya\u011f\u0131\u015flar\u0131 olmu\u015ftu. Yeni y\u0131la pek \u00e7ok \u015fehir kar alt\u0131nda romantik bir manzarada girmi\u015fti. Hatta Antalya, Mu\u011fla, Adana gibi kar ya\u011fmas\u0131 neredeyse hayal olan \u015fehirlerimiz bile kara k\u0131\u015fla tan\u0131\u015fm\u0131\u015ft\u0131.<\/p>\n<p>\u0130\u015fte bu nedenle 1992 Ocak ay\u0131, \u00fclkemizin meteoroloji tarihinde \u00f6zel bir \u00f6nem ta\u015f\u0131yor. Ve \u201cSon 45 y\u0131l\u0131n en so\u011fuk k\u0131\u015f\u0131\u201d unvan\u0131n\u0131 ta\u015f\u0131yan 1992 k\u0131\u015f\u0131n\u0131n ba\u015f rollerinde elbette ki ocak ay\u0131 da yer al\u0131yor.<\/p>\n<p><img  title=\"\" loading=\"lazy\" decoding=\"async\" class=\"alignnone size-medium wp-image-349\" src=\"https:\/\/www.unicosigorta.com.tr\/blog\/dosyalar\/2018\/02\/IB_API_P_3087259-750x496.jpg\"  alt=\"IB_API_P_3087259-750x496 Tarihte K\u0131\u015f Ay\u0131nda Ya\u015fanan Ola\u011fan\u00fcst\u00fc Hava Olaylar\u0131\"  width=\"750\" height=\"496\" srcset=\"https:\/\/www.unicosigorta.com.tr\/blog\/dosyalar\/2018\/02\/IB_API_P_3087259-750x496.jpg 750w, https:\/\/www.unicosigorta.com.tr\/blog\/dosyalar\/2018\/02\/IB_API_P_3087259-768x508.jpg 768w, https:\/\/www.unicosigorta.com.tr\/blog\/dosyalar\/2018\/02\/IB_API_P_3087259.jpg 960w\" sizes=\"auto, (max-width: 750px) 100vw, 750px\" \/><\/p>\n<p><strong>1929&#8217;da Tuna Nehri Dondu!<\/strong><\/p>\n<p>Tarihte biraz daha eskilere gidersek, 1929&#8217;un me\u015fhur k\u0131\u015f\u0131na rastlar\u0131z. O sene \u0130stanbul&#8217;da 6 Ocak&#8217;ta kar ya\u011fmaya ba\u015flam\u0131\u015f ve hi\u00e7 durmadan 12 Mart&#8217;a kadar 55 g\u00fcn devam etmi\u015fti. \u0130stanbul&#8217;un pek \u00e7ok yerinde kar kal\u0131nl\u0131\u011f\u0131n\u0131n 4-5 metreye ula\u015fmas\u0131, a\u00e7l\u0131ktan \u015fehre inen kurtlar gibi s\u00f6ylenceler abart\u0131 de\u011fil, al\u0131\u015f\u0131lan s\u0131radan olaylard\u0131. Tabii ki sadece \u00fclkemiz de\u011fil, ba\u015fka \u00fclkeler de bu sistemin etkisinde kalm\u0131\u015ft\u0131. Mesela o sene Tuna Nehri&#8217;nin donmas\u0131na tan\u0131k oldu insanlar.. Nehirden \u00e7\u00f6z\u00fclen buzlar\u0131n dalgalarla s\u00fcr\u00fcklenerek gelip \u0130stanbul Bo\u011faz\u0131&#8217;n\u0131n en dar yeri olan Rumelihisar\u0131&#8217;n\u0131 t\u0131kamas\u0131 da haf\u0131zalardan silinmeyen \u00f6nemli k\u0131\u015f olaylar\u0131 aras\u0131nda kendine yer buluyor elbette.<\/p>\n<p><strong>2014&#8217;\u00fcn Ocak Ay\u0131 D\u00fcnya \u00c7ap\u0131nda Ola\u011fan\u00fcst\u00fc Olaylara Sahne Oldu<\/strong><\/p>\n<p>D\u00fcnya Meteoroloji \u00d6rg\u00fct\u00fc (WMO)&#8217;ya g\u00f6re 2014&#8217;\u00fcn ilk 6 haftas\u0131nda ola\u011fan\u00fcst\u00fc hava olaylar\u0131 aras\u0131nda f\u0131rt\u0131na, sel, ya\u011fmur gibi pek \u00e7ok \u015fey g\u00f6r\u00fcld\u00fc. 2014 Ocak Ay\u0131&#8217;nda g\u00fcney yar\u0131mk\u00fcrede yer alan Avustralya&#8217;da Mebourne, Cabberra gibi kentlerde s\u0131cakl\u0131k rekorlar\u0131 k\u0131r\u0131l\u0131rken, hem ekvatorda hem de kutup noktalar\u0131nda ekstrem olaylar ya\u015fand\u0131. ABD&#8217;nin do\u011fusunda ekstra so\u011fuklar, Avrupa&#8217;da f\u0131rt\u0131nalar, Alpler&#8217;de a\u015f\u0131r\u0131 kar ya\u011f\u0131\u015f\u0131, yani bunlar\u0131n hepsi bir aradayd\u0131.<\/p>\n<p>\u015eimdilik bu kadar\u0131n\u0131 sizlerle payla\u015ft\u0131k. Meteorolojik mucizelere daha yak\u0131ndan tan\u0131k olmak i\u00e7in B\u00fcnyamin S\u00fcrmeli&#8217;nin sitemizde yer alacak yaz\u0131lar\u0131n\u0131 takip etmeyi sak\u0131n unutmay\u0131n.<\/p>\n","protected":false},"excerpt":{"rendered":"<p>Bir zamanlar hava durumu haberleri \u201cHavalar nas\u0131l olursa olsun, sizin havan\u0131z g\u00fczel olsun\u201d slogan\u0131yla adeta b\u00fct\u00fcnle\u015fmi\u015fti. G\u00fcn\u00fcm\u00fczde de ba\u015fka haberleri dinlemeyip sadece hava durumunu takip edenlerin say\u0131s\u0131 hi\u00e7 de az de\u011fil. \u201cYaz\u0131n y\u00fcksek nemden uykular ka\u00e7acak m\u0131?\u201d diye merakla takip edilen hava olaylar\u0131, k\u0131\u015f\u0131n ise \u201cKar ya\u011fsa da okula ya da i\u015fe gitmeyip kar tatili [&hellip;]<\/p>\n","protected":false},"author":4,"featured_media":346,"comment_status":"open","ping_status":"open","sticky":false,"template":"","format":"standard","meta":{"_acf_changed":false,"amp_status":"","footnotes":"","_links_to":"","_links_to_target":""},"categories":[10,8],"tags":[60,40],"class_list":["post-344","post","type-post","status-publish","format-standard","has-post-thumbnail","hentry","category-guncel-hava-olaylari","category-ev-aile","tag-hava-olaylari","tag-unico-sigorta"],"acf":[],"yoast_head":"<!-- This site is optimized with the Yoast SEO plugin v26.6 - https:\/\/yoast.com\/wordpress\/plugins\/seo\/ -->\n<title>Tarihte K\u0131\u015f Ay\u0131nda Ya\u015fanan Ola\u011fan\u00fcst\u00fc Hava Olaylar\u0131 -<\/title>\n<meta name=\"robots\" content=\"index, follow, max-snippet:-1, max-image-preview:large, max-video-preview:-1\" \/>\n<link rel=\"canonical\" href=\"https:\/\/www.unicosigorta.com.tr\/blog\/tarihte-kis-ayinda-yasanan-olaganustu-hava-olaylari\/\" \/>\n<meta property=\"og:locale\" content=\"tr_TR\" \/>\n<meta property=\"og:type\" content=\"article\" \/>\n<meta property=\"og:title\" content=\"Tarihte K\u0131\u015f Ay\u0131nda Ya\u015fanan Ola\u011fan\u00fcst\u00fc Hava Olaylar\u0131 -\" \/>\n<meta property=\"og:description\" content=\"Bir zamanlar hava durumu haberleri \u201cHavalar nas\u0131l olursa olsun, sizin havan\u0131z g\u00fczel olsun\u201d slogan\u0131yla adeta b\u00fct\u00fcnle\u015fmi\u015fti. G\u00fcn\u00fcm\u00fczde de ba\u015fka haberleri dinlemeyip sadece hava durumunu takip edenlerin say\u0131s\u0131 hi\u00e7 de az de\u011fil. \u201cYaz\u0131n y\u00fcksek nemden uykular ka\u00e7acak m\u0131?\u201d diye merakla takip edilen hava olaylar\u0131, k\u0131\u015f\u0131n ise \u201cKar ya\u011fsa da okula ya da i\u015fe gitmeyip kar tatili [&hellip;]\" \/>\n<meta property=\"og:url\" content=\"https:\/\/www.unicosigorta.com.tr\/blog\/tarihte-kis-ayinda-yasanan-olaganustu-hava-olaylari\/\" \/>\n<meta property=\"article:author\" content=\"https:\/\/facebook.com\/unicosigorta\" \/>\n<meta property=\"article:published_time\" content=\"2021-02-24T08:10:00+00:00\" \/>\n<meta property=\"article:modified_time\" content=\"2024-02-20T11:34:17+00:00\" \/>\n<meta property=\"og:image\" content=\"https:\/\/www.unicosigorta.com.tr\/blog\/dosyalar\/2018\/02\/b2-1.png\" \/>\n\t<meta property=\"og:image:width\" content=\"750\" \/>\n\t<meta property=\"og:image:height\" content=\"515\" \/>\n\t<meta property=\"og:image:type\" content=\"image\/png\" \/>\n<meta name=\"author\" content=\"Unico Sigorta\" \/>\n<meta name=\"twitter:card\" content=\"summary_large_image\" \/>\n<meta name=\"twitter:creator\" content=\"@https:\/\/x.com\/unicosigorta\" \/>\n<meta name=\"twitter:label1\" content=\"Yazan:\" \/>\n\t<meta name=\"twitter:data1\" content=\"Unico Sigorta\" \/>\n\t<meta name=\"twitter:label2\" content=\"Tahmini okuma s\u00fcresi\" \/>\n\t<meta name=\"twitter:data2\" content=\"4 dakika\" \/>\n<script type=\"application\/ld+json\" class=\"yoast-schema-graph\">{\"@context\":\"https:\/\/schema.org\",\"@graph\":[{\"@type\":\"Article\",\"@id\":\"https:\/\/www.unicosigorta.com.tr\/blog\/tarihte-kis-ayinda-yasanan-olaganustu-hava-olaylari\/#article\",\"isPartOf\":{\"@id\":\"https:\/\/www.unicosigorta.com.tr\/blog\/tarihte-kis-ayinda-yasanan-olaganustu-hava-olaylari\/\"},\"author\":{\"name\":\"Unico Sigorta\",\"@id\":\"https:\/\/www.unicosigorta.com.tr\/blog\/#\/schema\/person\/6004a0a9dfde32a99fa387a1d1cca25f\"},\"headline\":\"Tarihte K\u0131\u015f Ay\u0131nda Ya\u015fanan Ola\u011fan\u00fcst\u00fc Hava Olaylar\u0131\",\"datePublished\":\"2021-02-24T08:10:00+00:00\",\"dateModified\":\"2024-02-20T11:34:17+00:00\",\"mainEntityOfPage\":{\"@id\":\"https:\/\/www.unicosigorta.com.tr\/blog\/tarihte-kis-ayinda-yasanan-olaganustu-hava-olaylari\/\"},\"wordCount\":763,\"commentCount\":0,\"publisher\":{\"@id\":\"https:\/\/www.unicosigorta.com.tr\/blog\/#organization\"},\"image\":{\"@id\":\"https:\/\/www.unicosigorta.com.tr\/blog\/tarihte-kis-ayinda-yasanan-olaganustu-hava-olaylari\/#primaryimage\"},\"thumbnailUrl\":\"https:\/\/www.unicosigorta.com.tr\/blog\/dosyalar\/2018\/02\/b2-1.png\",\"keywords\":[\"hava olaylar\u0131\",\"unico sigorta\"],\"articleSection\":[\"G\u00fcncel Hava Olaylar\u0131\",\"Ya\u015fam\"],\"inLanguage\":\"tr\",\"potentialAction\":[{\"@type\":\"CommentAction\",\"name\":\"Comment\",\"target\":[\"https:\/\/www.unicosigorta.com.tr\/blog\/tarihte-kis-ayinda-yasanan-olaganustu-hava-olaylari\/#respond\"]}]},{\"@type\":\"WebPage\",\"@id\":\"https:\/\/www.unicosigorta.com.tr\/blog\/tarihte-kis-ayinda-yasanan-olaganustu-hava-olaylari\/\",\"url\":\"https:\/\/www.unicosigorta.com.tr\/blog\/tarihte-kis-ayinda-yasanan-olaganustu-hava-olaylari\/\",\"name\":\"Tarihte K\u0131\u015f Ay\u0131nda Ya\u015fanan Ola\u011fan\u00fcst\u00fc Hava Olaylar\u0131 -\",\"isPartOf\":{\"@id\":\"https:\/\/www.unicosigorta.com.tr\/blog\/#website\"},\"primaryImageOfPage\":{\"@id\":\"https:\/\/www.unicosigorta.com.tr\/blog\/tarihte-kis-ayinda-yasanan-olaganustu-hava-olaylari\/#primaryimage\"},\"image\":{\"@id\":\"https:\/\/www.unicosigorta.com.tr\/blog\/tarihte-kis-ayinda-yasanan-olaganustu-hava-olaylari\/#primaryimage\"},\"thumbnailUrl\":\"https:\/\/www.unicosigorta.com.tr\/blog\/dosyalar\/2018\/02\/b2-1.png\",\"datePublished\":\"2021-02-24T08:10:00+00:00\",\"dateModified\":\"2024-02-20T11:34:17+00:00\",\"breadcrumb\":{\"@id\":\"https:\/\/www.unicosigorta.com.tr\/blog\/tarihte-kis-ayinda-yasanan-olaganustu-hava-olaylari\/#breadcrumb\"},\"inLanguage\":\"tr\",\"potentialAction\":[{\"@type\":\"ReadAction\",\"target\":[\"https:\/\/www.unicosigorta.com.tr\/blog\/tarihte-kis-ayinda-yasanan-olaganustu-hava-olaylari\/\"]}]},{\"@type\":\"ImageObject\",\"inLanguage\":\"tr\",\"@id\":\"https:\/\/www.unicosigorta.com.tr\/blog\/tarihte-kis-ayinda-yasanan-olaganustu-hava-olaylari\/#primaryimage\",\"url\":\"https:\/\/www.unicosigorta.com.tr\/blog\/dosyalar\/2018\/02\/b2-1.png\",\"contentUrl\":\"https:\/\/www.unicosigorta.com.tr\/blog\/dosyalar\/2018\/02\/b2-1.png\",\"width\":750,\"height\":515},{\"@type\":\"BreadcrumbList\",\"@id\":\"https:\/\/www.unicosigorta.com.tr\/blog\/tarihte-kis-ayinda-yasanan-olaganustu-hava-olaylari\/#breadcrumb\",\"itemListElement\":[{\"@type\":\"ListItem\",\"position\":1,\"name\":\"Ana sayfa\",\"item\":\"https:\/\/www.unicosigorta.com.tr\/blog\/\"},{\"@type\":\"ListItem\",\"position\":2,\"name\":\"Tarihte K\u0131\u015f Ay\u0131nda Ya\u015fanan Ola\u011fan\u00fcst\u00fc Hava Olaylar\u0131\"}]},{\"@type\":\"WebSite\",\"@id\":\"https:\/\/www.unicosigorta.com.tr\/blog\/#website\",\"url\":\"https:\/\/www.unicosigorta.com.tr\/blog\/\",\"name\":\"Unico Blog\",\"description\":\"De\u011ferini Bilir, G\u00fcven Verir.\",\"publisher\":{\"@id\":\"https:\/\/www.unicosigorta.com.tr\/blog\/#organization\"},\"potentialAction\":[{\"@type\":\"SearchAction\",\"target\":{\"@type\":\"EntryPoint\",\"urlTemplate\":\"https:\/\/www.unicosigorta.com.tr\/blog\/?s={search_term_string}\"},\"query-input\":{\"@type\":\"PropertyValueSpecification\",\"valueRequired\":true,\"valueName\":\"search_term_string\"}}],\"inLanguage\":\"tr\"},{\"@type\":\"Organization\",\"@id\":\"https:\/\/www.unicosigorta.com.tr\/blog\/#organization\",\"name\":\"Unico Blog\",\"url\":\"https:\/\/www.unicosigorta.com.tr\/blog\/\",\"logo\":{\"@type\":\"ImageObject\",\"inLanguage\":\"tr\",\"@id\":\"https:\/\/www.unicosigorta.com.tr\/blog\/#\/schema\/logo\/image\/\",\"url\":\"https:\/\/www.unicosigorta.com.tr\/blog\/dosyalar\/2025\/10\/cropped-uni-logo-2.jpg\",\"contentUrl\":\"https:\/\/www.unicosigorta.com.tr\/blog\/dosyalar\/2025\/10\/cropped-uni-logo-2.jpg\",\"width\":512,\"height\":512,\"caption\":\"Unico Blog\"},\"image\":{\"@id\":\"https:\/\/www.unicosigorta.com.tr\/blog\/#\/schema\/logo\/image\/\"}},{\"@type\":\"Person\",\"@id\":\"https:\/\/www.unicosigorta.com.tr\/blog\/#\/schema\/person\/6004a0a9dfde32a99fa387a1d1cca25f\",\"name\":\"Unico Sigorta\",\"image\":{\"@type\":\"ImageObject\",\"inLanguage\":\"tr\",\"@id\":\"https:\/\/www.unicosigorta.com.tr\/blog\/#\/schema\/person\/image\/\",\"url\":\"https:\/\/secure.gravatar.com\/avatar\/2508611f2b31fd3961e523591a0ace86bbd8b96f6eeb268043bc5127e6c53bf5?s=96&d=mm&r=g\",\"contentUrl\":\"https:\/\/secure.gravatar.com\/avatar\/2508611f2b31fd3961e523591a0ace86bbd8b96f6eeb268043bc5127e6c53bf5?s=96&d=mm&r=g\",\"caption\":\"Unico Sigorta\"},\"sameAs\":[\"https:\/\/www.unicosigorta.com.tr\/blog\",\"https:\/\/facebook.com\/unicosigorta\",\"https:\/\/instagram.com\/unicosigorta\",\"https:\/\/linkedin.com\/company\/unicosigorta\",\"https:\/\/x.com\/https:\/\/x.com\/unicosigorta\",\"https:\/\/www.youtube.com\/c\/UnicoSigorta1\"],\"url\":\"https:\/\/www.unicosigorta.com.tr\/blog\/author\/unico\/\"}]}<\/script>\n<!-- \/ Yoast SEO plugin. -->","yoast_head_json":{"title":"Tarihte K\u0131\u015f Ay\u0131nda Ya\u015fanan Ola\u011fan\u00fcst\u00fc Hava Olaylar\u0131 -","robots":{"index":"index","follow":"follow","max-snippet":"max-snippet:-1","max-image-preview":"max-image-preview:large","max-video-preview":"max-video-preview:-1"},"canonical":"https:\/\/www.unicosigorta.com.tr\/blog\/tarihte-kis-ayinda-yasanan-olaganustu-hava-olaylari\/","og_locale":"tr_TR","og_type":"article","og_title":"Tarihte K\u0131\u015f Ay\u0131nda Ya\u015fanan Ola\u011fan\u00fcst\u00fc Hava Olaylar\u0131 -","og_description":"Bir zamanlar hava durumu haberleri \u201cHavalar nas\u0131l olursa olsun, sizin havan\u0131z g\u00fczel olsun\u201d slogan\u0131yla adeta b\u00fct\u00fcnle\u015fmi\u015fti. G\u00fcn\u00fcm\u00fczde de ba\u015fka haberleri dinlemeyip sadece hava durumunu takip edenlerin say\u0131s\u0131 hi\u00e7 de az de\u011fil. \u201cYaz\u0131n y\u00fcksek nemden uykular ka\u00e7acak m\u0131?\u201d diye merakla takip edilen hava olaylar\u0131, k\u0131\u015f\u0131n ise \u201cKar ya\u011fsa da okula ya da i\u015fe gitmeyip kar tatili [&hellip;]","og_url":"https:\/\/www.unicosigorta.com.tr\/blog\/tarihte-kis-ayinda-yasanan-olaganustu-hava-olaylari\/","article_author":"https:\/\/facebook.com\/unicosigorta","article_published_time":"2021-02-24T08:10:00+00:00","article_modified_time":"2024-02-20T11:34:17+00:00","og_image":[{"width":750,"height":515,"url":"https:\/\/www.unicosigorta.com.tr\/blog\/dosyalar\/2018\/02\/b2-1.png","type":"image\/png"}],"author":"Unico Sigorta","twitter_card":"summary_large_image","twitter_creator":"@https:\/\/x.com\/unicosigorta","twitter_misc":{"Yazan:":"Unico Sigorta","Tahmini okuma s\u00fcresi":"4 dakika"},"schema":{"@context":"https:\/\/schema.org","@graph":[{"@type":"Article","@id":"https:\/\/www.unicosigorta.com.tr\/blog\/tarihte-kis-ayinda-yasanan-olaganustu-hava-olaylari\/#article","isPartOf":{"@id":"https:\/\/www.unicosigorta.com.tr\/blog\/tarihte-kis-ayinda-yasanan-olaganustu-hava-olaylari\/"},"author":{"name":"Unico Sigorta","@id":"https:\/\/www.unicosigorta.com.tr\/blog\/#\/schema\/person\/6004a0a9dfde32a99fa387a1d1cca25f"},"headline":"Tarihte K\u0131\u015f Ay\u0131nda Ya\u015fanan Ola\u011fan\u00fcst\u00fc Hava Olaylar\u0131","datePublished":"2021-02-24T08:10:00+00:00","dateModified":"2024-02-20T11:34:17+00:00","mainEntityOfPage":{"@id":"https:\/\/www.unicosigorta.com.tr\/blog\/tarihte-kis-ayinda-yasanan-olaganustu-hava-olaylari\/"},"wordCount":763,"commentCount":0,"publisher":{"@id":"https:\/\/www.unicosigorta.com.tr\/blog\/#organization"},"image":{"@id":"https:\/\/www.unicosigorta.com.tr\/blog\/tarihte-kis-ayinda-yasanan-olaganustu-hava-olaylari\/#primaryimage"},"thumbnailUrl":"https:\/\/www.unicosigorta.com.tr\/blog\/dosyalar\/2018\/02\/b2-1.png","keywords":["hava olaylar\u0131","unico sigorta"],"articleSection":["G\u00fcncel Hava Olaylar\u0131","Ya\u015fam"],"inLanguage":"tr","potentialAction":[{"@type":"CommentAction","name":"Comment","target":["https:\/\/www.unicosigorta.com.tr\/blog\/tarihte-kis-ayinda-yasanan-olaganustu-hava-olaylari\/#respond"]}]},{"@type":"WebPage","@id":"https:\/\/www.unicosigorta.com.tr\/blog\/tarihte-kis-ayinda-yasanan-olaganustu-hava-olaylari\/","url":"https:\/\/www.unicosigorta.com.tr\/blog\/tarihte-kis-ayinda-yasanan-olaganustu-hava-olaylari\/","name":"Tarihte K\u0131\u015f Ay\u0131nda Ya\u015fanan Ola\u011fan\u00fcst\u00fc Hava Olaylar\u0131 -","isPartOf":{"@id":"https:\/\/www.unicosigorta.com.tr\/blog\/#website"},"primaryImageOfPage":{"@id":"https:\/\/www.unicosigorta.com.tr\/blog\/tarihte-kis-ayinda-yasanan-olaganustu-hava-olaylari\/#primaryimage"},"image":{"@id":"https:\/\/www.unicosigorta.com.tr\/blog\/tarihte-kis-ayinda-yasanan-olaganustu-hava-olaylari\/#primaryimage"},"thumbnailUrl":"https:\/\/www.unicosigorta.com.tr\/blog\/dosyalar\/2018\/02\/b2-1.png","datePublished":"2021-02-24T08:10:00+00:00","dateModified":"2024-02-20T11:34:17+00:00","breadcrumb":{"@id":"https:\/\/www.unicosigorta.com.tr\/blog\/tarihte-kis-ayinda-yasanan-olaganustu-hava-olaylari\/#breadcrumb"},"inLanguage":"tr","potentialAction":[{"@type":"ReadAction","target":["https:\/\/www.unicosigorta.com.tr\/blog\/tarihte-kis-ayinda-yasanan-olaganustu-hava-olaylari\/"]}]},{"@type":"ImageObject","inLanguage":"tr","@id":"https:\/\/www.unicosigorta.com.tr\/blog\/tarihte-kis-ayinda-yasanan-olaganustu-hava-olaylari\/#primaryimage","url":"https:\/\/www.unicosigorta.com.tr\/blog\/dosyalar\/2018\/02\/b2-1.png","contentUrl":"https:\/\/www.unicosigorta.com.tr\/blog\/dosyalar\/2018\/02\/b2-1.png","width":750,"height":515},{"@type":"BreadcrumbList","@id":"https:\/\/www.unicosigorta.com.tr\/blog\/tarihte-kis-ayinda-yasanan-olaganustu-hava-olaylari\/#breadcrumb","itemListElement":[{"@type":"ListItem","position":1,"name":"Ana sayfa","item":"https:\/\/www.unicosigorta.com.tr\/blog\/"},{"@type":"ListItem","position":2,"name":"Tarihte K\u0131\u015f Ay\u0131nda Ya\u015fanan Ola\u011fan\u00fcst\u00fc Hava Olaylar\u0131"}]},{"@type":"WebSite","@id":"https:\/\/www.unicosigorta.com.tr\/blog\/#website","url":"https:\/\/www.unicosigorta.com.tr\/blog\/","name":"Unico Blog","description":"De\u011ferini Bilir, G\u00fcven Verir.","publisher":{"@id":"https:\/\/www.unicosigorta.com.tr\/blog\/#organization"},"potentialAction":[{"@type":"SearchAction","target":{"@type":"EntryPoint","urlTemplate":"https:\/\/www.unicosigorta.com.tr\/blog\/?s={search_term_string}"},"query-input":{"@type":"PropertyValueSpecification","valueRequired":true,"valueName":"search_term_string"}}],"inLanguage":"tr"},{"@type":"Organization","@id":"https:\/\/www.unicosigorta.com.tr\/blog\/#organization","name":"Unico Blog","url":"https:\/\/www.unicosigorta.com.tr\/blog\/","logo":{"@type":"ImageObject","inLanguage":"tr","@id":"https:\/\/www.unicosigorta.com.tr\/blog\/#\/schema\/logo\/image\/","url":"https:\/\/www.unicosigorta.com.tr\/blog\/dosyalar\/2025\/10\/cropped-uni-logo-2.jpg","contentUrl":"https:\/\/www.unicosigorta.com.tr\/blog\/dosyalar\/2025\/10\/cropped-uni-logo-2.jpg","width":512,"height":512,"caption":"Unico Blog"},"image":{"@id":"https:\/\/www.unicosigorta.com.tr\/blog\/#\/schema\/logo\/image\/"}},{"@type":"Person","@id":"https:\/\/www.unicosigorta.com.tr\/blog\/#\/schema\/person\/6004a0a9dfde32a99fa387a1d1cca25f","name":"Unico Sigorta","image":{"@type":"ImageObject","inLanguage":"tr","@id":"https:\/\/www.unicosigorta.com.tr\/blog\/#\/schema\/person\/image\/","url":"https:\/\/secure.gravatar.com\/avatar\/2508611f2b31fd3961e523591a0ace86bbd8b96f6eeb268043bc5127e6c53bf5?s=96&d=mm&r=g","contentUrl":"https:\/\/secure.gravatar.com\/avatar\/2508611f2b31fd3961e523591a0ace86bbd8b96f6eeb268043bc5127e6c53bf5?s=96&d=mm&r=g","caption":"Unico Sigorta"},"sameAs":["https:\/\/www.unicosigorta.com.tr\/blog","https:\/\/facebook.com\/unicosigorta","https:\/\/instagram.com\/unicosigorta","https:\/\/linkedin.com\/company\/unicosigorta","https:\/\/x.com\/https:\/\/x.com\/unicosigorta","https:\/\/www.youtube.com\/c\/UnicoSigorta1"],"url":"https:\/\/www.unicosigorta.com.tr\/blog\/author\/unico\/"}]}},"views":17800,"_links":{"self":[{"href":"https:\/\/www.unicosigorta.com.tr\/blog\/wp-json\/wp\/v2\/posts\/344","targetHints":{"allow":["GET"]}}],"collection":[{"href":"https:\/\/www.unicosigorta.com.tr\/blog\/wp-json\/wp\/v2\/posts"}],"about":[{"href":"https:\/\/www.unicosigorta.com.tr\/blog\/wp-json\/wp\/v2\/types\/post"}],"author":[{"embeddable":true,"href":"https:\/\/www.unicosigorta.com.tr\/blog\/wp-json\/wp\/v2\/users\/4"}],"replies":[{"embeddable":true,"href":"https:\/\/www.unicosigorta.com.tr\/blog\/wp-json\/wp\/v2\/comments?post=344"}],"version-history":[{"count":0,"href":"https:\/\/www.unicosigorta.com.tr\/blog\/wp-json\/wp\/v2\/posts\/344\/revisions"}],"wp:featuredmedia":[{"embeddable":true,"href":"https:\/\/www.unicosigorta.com.tr\/blog\/wp-json\/wp\/v2\/media\/346"}],"wp:attachment":[{"href":"https:\/\/www.unicosigorta.com.tr\/blog\/wp-json\/wp\/v2\/media?parent=344"}],"wp:term":[{"taxonomy":"category","embeddable":true,"href":"https:\/\/www.unicosigorta.com.tr\/blog\/wp-json\/wp\/v2\/categories?post=344"},{"taxonomy":"post_tag","embeddable":true,"href":"https:\/\/www.unicosigorta.com.tr\/blog\/wp-json\/wp\/v2\/tags?post=344"}],"curies":[{"name":"wp","href":"https:\/\/api.w.org\/{rel}","templated":true}]}}