{"id":392,"date":"2018-03-12T18:55:08","date_gmt":"2018-03-12T15:55:08","guid":{"rendered":"https:\/\/www.unicosigorta.com.tr\/blog\/?p=392"},"modified":"2018-11-02T10:56:42","modified_gmt":"2018-11-02T07:56:42","slug":"bunyamin-surmeliden-12-18-mart-hava-durumu-yorumu","status":"publish","type":"post","link":"https:\/\/www.unicosigorta.com.tr\/blog\/bunyamin-surmeliden-12-18-mart-hava-durumu-yorumu\/","title":{"rendered":"B\u00fcnyamin S\u00fcrmeli&#8217;den 12-18 Mart Hava Durumu Yorumu"},"content":{"rendered":"<p><strong>Ge\u00e7ti\u011fimiz hafta ba\u015flayan bahar havalar\u0131 Sal\u0131 g\u00fcn\u00fc orta ve bat\u0131 b\u00f6lgelerde yerini g\u00f6k g\u00fcr\u00fclt\u00fcl\u00fc sa\u011fanak ve kuvvetli ya\u011f\u0131\u015flara b\u0131rak\u0131yor.<\/strong><\/p>\n<p>Y\u0131ld\u0131r\u0131m ve \u015fiddetli ya\u011f\u0131\u015fa dikkat, a\u011fa\u00e7 altlar\u0131na s\u0131\u011f\u0131nmay\u0131n. Marmara\u2019da ya\u011f\u0131\u015flar 1-1.5 g\u00fcn s\u00fcrecek gibi g\u00f6r\u00fcn\u00fcyor. Haftan\u0131n ikinci yar\u0131s\u0131nda s\u0131cakl\u0131klar 3-4 derece azalacak ancak 15 derecenin alt\u0131na \u00e7ok inmeden bahar havalar\u0131 s\u00fcrecek. Hafta sonuna do\u011fru, Cuma, Cumartesi, Pazar \u0131s\u0131 mevsim normallerinin \u00fczerinde 22-23 derecelere kadar y\u00fckselebilir. Gelecek hafta tek hanelere d\u00fc\u015fmeden hava s\u0131cakl\u0131klar\u0131 5-6 derece kadar d\u00fc\u015febilir ve ya\u011f\u0131\u015flar g\u00f6r\u00fclebilir.<\/p>\n<p><strong>B\u00fcnyamin S\u00fcrmeli\u2019nin anlat\u0131m\u0131 ile 12 Mart \u2013 18 Mart tarihlerinde hava durumu \u015fu \u015fekilde:<\/strong><br \/>\n<iframe loading=\"lazy\" src=\"https:\/\/www.youtube.com\/embed\/g7zkZMZE-9g\" width=\"854\" height=\"480\" frameborder=\"0\" allowfullscreen=\"allowfullscreen\"><\/iframe><\/p>\n","protected":false},"excerpt":{"rendered":"<p>Ge\u00e7ti\u011fimiz hafta ba\u015flayan bahar havalar\u0131 Sal\u0131 g\u00fcn\u00fc orta ve bat\u0131 b\u00f6lgelerde yerini g\u00f6k g\u00fcr\u00fclt\u00fcl\u00fc sa\u011fanak ve kuvvetli ya\u011f\u0131\u015flara b\u0131rak\u0131yor. Y\u0131ld\u0131r\u0131m ve \u015fiddetli ya\u011f\u0131\u015fa dikkat, a\u011fa\u00e7 altlar\u0131na s\u0131\u011f\u0131nmay\u0131n. Marmara\u2019da ya\u011f\u0131\u015flar 1-1.5 g\u00fcn s\u00fcrecek gibi g\u00f6r\u00fcn\u00fcyor. Haftan\u0131n ikinci yar\u0131s\u0131nda s\u0131cakl\u0131klar 3-4 derece azalacak ancak 15 derecenin alt\u0131na \u00e7ok inmeden bahar havalar\u0131 s\u00fcrecek. Hafta sonuna do\u011fru, Cuma, Cumartesi, [&hellip;]<\/p>\n","protected":false},"author":3,"featured_media":394,"comment_status":"open","ping_status":"open","sticky":false,"template":"","format":"standard","meta":{"_acf_changed":false,"amp_status":"","footnotes":"","_links_to":"","_links_to_target":""},"categories":[10],"tags":[65,64],"class_list":["post-392","post","type-post","status-publish","format-standard","has-post-thumbnail","hentry","category-guncel-hava-olaylari","tag-bunyamin-surmeli","tag-hava-durumu"],"acf":[],"yoast_head":"<!-- This site is optimized with the Yoast SEO plugin v26.6 - https:\/\/yoast.com\/wordpress\/plugins\/seo\/ -->\n<title>B\u00fcnyamin S\u00fcrmeli&#039;den 12-18 Mart Hava Durumu Yorumu -<\/title>\n<meta name=\"robots\" content=\"index, follow, max-snippet:-1, max-image-preview:large, max-video-preview:-1\" \/>\n<link rel=\"canonical\" href=\"https:\/\/www.unicosigorta.com.tr\/blog\/bunyamin-surmeliden-12-18-mart-hava-durumu-yorumu\/\" \/>\n<meta property=\"og:locale\" content=\"tr_TR\" \/>\n<meta property=\"og:type\" content=\"article\" \/>\n<meta property=\"og:title\" content=\"B\u00fcnyamin S\u00fcrmeli&#039;den 12-18 Mart Hava Durumu Yorumu -\" \/>\n<meta property=\"og:description\" content=\"Ge\u00e7ti\u011fimiz hafta ba\u015flayan bahar havalar\u0131 Sal\u0131 g\u00fcn\u00fc orta ve bat\u0131 b\u00f6lgelerde yerini g\u00f6k g\u00fcr\u00fclt\u00fcl\u00fc sa\u011fanak ve kuvvetli ya\u011f\u0131\u015flara b\u0131rak\u0131yor. Y\u0131ld\u0131r\u0131m ve \u015fiddetli ya\u011f\u0131\u015fa dikkat, a\u011fa\u00e7 altlar\u0131na s\u0131\u011f\u0131nmay\u0131n. Marmara\u2019da ya\u011f\u0131\u015flar 1-1.5 g\u00fcn s\u00fcrecek gibi g\u00f6r\u00fcn\u00fcyor. Haftan\u0131n ikinci yar\u0131s\u0131nda s\u0131cakl\u0131klar 3-4 derece azalacak ancak 15 derecenin alt\u0131na \u00e7ok inmeden bahar havalar\u0131 s\u00fcrecek. Hafta sonuna do\u011fru, Cuma, Cumartesi, [&hellip;]\" \/>\n<meta property=\"og:url\" content=\"https:\/\/www.unicosigorta.com.tr\/blog\/bunyamin-surmeliden-12-18-mart-hava-durumu-yorumu\/\" \/>\n<meta property=\"article:published_time\" content=\"2018-03-12T15:55:08+00:00\" \/>\n<meta property=\"article:modified_time\" content=\"2018-11-02T07:56:42+00:00\" \/>\n<meta property=\"og:image\" content=\"https:\/\/www.unicosigorta.com.tr\/blog\/dosyalar\/2018\/03\/hava-durumu.jpg\" \/>\n\t<meta property=\"og:image:width\" content=\"880\" \/>\n\t<meta property=\"og:image:height\" content=\"487\" \/>\n\t<meta property=\"og:image:type\" content=\"image\/jpeg\" \/>\n<meta name=\"author\" content=\"unico admin\" \/>\n<meta name=\"twitter:card\" content=\"summary_large_image\" \/>\n<meta name=\"twitter:label1\" content=\"Yazan:\" \/>\n\t<meta name=\"twitter:data1\" content=\"unico admin\" \/>\n\t<meta name=\"twitter:label2\" content=\"Tahmini okuma s\u00fcresi\" \/>\n\t<meta name=\"twitter:data2\" content=\"1 dakika\" \/>\n<script type=\"application\/ld+json\" class=\"yoast-schema-graph\">{\"@context\":\"https:\/\/schema.org\",\"@graph\":[{\"@type\":\"Article\",\"@id\":\"https:\/\/www.unicosigorta.com.tr\/blog\/bunyamin-surmeliden-12-18-mart-hava-durumu-yorumu\/#article\",\"isPartOf\":{\"@id\":\"https:\/\/www.unicosigorta.com.tr\/blog\/bunyamin-surmeliden-12-18-mart-hava-durumu-yorumu\/\"},\"author\":{\"name\":\"unico admin\",\"@id\":\"https:\/\/www.unicosigorta.com.tr\/blog\/#\/schema\/person\/faa75dc878ba719bed926ac4ec1f1e7b\"},\"headline\":\"B\u00fcnyamin S\u00fcrmeli&#8217;den 12-18 Mart Hava Durumu Yorumu\",\"datePublished\":\"2018-03-12T15:55:08+00:00\",\"dateModified\":\"2018-11-02T07:56:42+00:00\",\"mainEntityOfPage\":{\"@id\":\"https:\/\/www.unicosigorta.com.tr\/blog\/bunyamin-surmeliden-12-18-mart-hava-durumu-yorumu\/\"},\"wordCount\":146,\"commentCount\":0,\"publisher\":{\"@id\":\"https:\/\/www.unicosigorta.com.tr\/blog\/#organization\"},\"image\":{\"@id\":\"https:\/\/www.unicosigorta.com.tr\/blog\/bunyamin-surmeliden-12-18-mart-hava-durumu-yorumu\/#primaryimage\"},\"thumbnailUrl\":\"https:\/\/www.unicosigorta.com.tr\/blog\/dosyalar\/2018\/03\/hava-durumu.jpg\",\"keywords\":[\"b\u00fcnyamin s\u00fcrmeli\",\"hava durumu\"],\"articleSection\":[\"G\u00fcncel Hava Olaylar\u0131\"],\"inLanguage\":\"tr\",\"potentialAction\":[{\"@type\":\"CommentAction\",\"name\":\"Comment\",\"target\":[\"https:\/\/www.unicosigorta.com.tr\/blog\/bunyamin-surmeliden-12-18-mart-hava-durumu-yorumu\/#respond\"]}]},{\"@type\":\"WebPage\",\"@id\":\"https:\/\/www.unicosigorta.com.tr\/blog\/bunyamin-surmeliden-12-18-mart-hava-durumu-yorumu\/\",\"url\":\"https:\/\/www.unicosigorta.com.tr\/blog\/bunyamin-surmeliden-12-18-mart-hava-durumu-yorumu\/\",\"name\":\"B\u00fcnyamin S\u00fcrmeli'den 12-18 Mart Hava Durumu Yorumu -\",\"isPartOf\":{\"@id\":\"https:\/\/www.unicosigorta.com.tr\/blog\/#website\"},\"primaryImageOfPage\":{\"@id\":\"https:\/\/www.unicosigorta.com.tr\/blog\/bunyamin-surmeliden-12-18-mart-hava-durumu-yorumu\/#primaryimage\"},\"image\":{\"@id\":\"https:\/\/www.unicosigorta.com.tr\/blog\/bunyamin-surmeliden-12-18-mart-hava-durumu-yorumu\/#primaryimage\"},\"thumbnailUrl\":\"https:\/\/www.unicosigorta.com.tr\/blog\/dosyalar\/2018\/03\/hava-durumu.jpg\",\"datePublished\":\"2018-03-12T15:55:08+00:00\",\"dateModified\":\"2018-11-02T07:56:42+00:00\",\"breadcrumb\":{\"@id\":\"https:\/\/www.unicosigorta.com.tr\/blog\/bunyamin-surmeliden-12-18-mart-hava-durumu-yorumu\/#breadcrumb\"},\"inLanguage\":\"tr\",\"potentialAction\":[{\"@type\":\"ReadAction\",\"target\":[\"https:\/\/www.unicosigorta.com.tr\/blog\/bunyamin-surmeliden-12-18-mart-hava-durumu-yorumu\/\"]}]},{\"@type\":\"ImageObject\",\"inLanguage\":\"tr\",\"@id\":\"https:\/\/www.unicosigorta.com.tr\/blog\/bunyamin-surmeliden-12-18-mart-hava-durumu-yorumu\/#primaryimage\",\"url\":\"https:\/\/www.unicosigorta.com.tr\/blog\/dosyalar\/2018\/03\/hava-durumu.jpg\",\"contentUrl\":\"https:\/\/www.unicosigorta.com.tr\/blog\/dosyalar\/2018\/03\/hava-durumu.jpg\",\"width\":880,\"height\":487},{\"@type\":\"BreadcrumbList\",\"@id\":\"https:\/\/www.unicosigorta.com.tr\/blog\/bunyamin-surmeliden-12-18-mart-hava-durumu-yorumu\/#breadcrumb\",\"itemListElement\":[{\"@type\":\"ListItem\",\"position\":1,\"name\":\"Ana sayfa\",\"item\":\"https:\/\/www.unicosigorta.com.tr\/blog\/\"},{\"@type\":\"ListItem\",\"position\":2,\"name\":\"B\u00fcnyamin S\u00fcrmeli&#8217;den 12-18 Mart Hava Durumu Yorumu\"}]},{\"@type\":\"WebSite\",\"@id\":\"https:\/\/www.unicosigorta.com.tr\/blog\/#website\",\"url\":\"https:\/\/www.unicosigorta.com.tr\/blog\/\",\"name\":\"Unico Blog\",\"description\":\"De\u011ferini Bilir, G\u00fcven Verir.\",\"publisher\":{\"@id\":\"https:\/\/www.unicosigorta.com.tr\/blog\/#organization\"},\"potentialAction\":[{\"@type\":\"SearchAction\",\"target\":{\"@type\":\"EntryPoint\",\"urlTemplate\":\"https:\/\/www.unicosigorta.com.tr\/blog\/?s={search_term_string}\"},\"query-input\":{\"@type\":\"PropertyValueSpecification\",\"valueRequired\":true,\"valueName\":\"search_term_string\"}}],\"inLanguage\":\"tr\"},{\"@type\":\"Organization\",\"@id\":\"https:\/\/www.unicosigorta.com.tr\/blog\/#organization\",\"name\":\"Unico Blog\",\"url\":\"https:\/\/www.unicosigorta.com.tr\/blog\/\",\"logo\":{\"@type\":\"ImageObject\",\"inLanguage\":\"tr\",\"@id\":\"https:\/\/www.unicosigorta.com.tr\/blog\/#\/schema\/logo\/image\/\",\"url\":\"https:\/\/www.unicosigorta.com.tr\/blog\/dosyalar\/2025\/10\/cropped-uni-logo-2.jpg\",\"contentUrl\":\"https:\/\/www.unicosigorta.com.tr\/blog\/dosyalar\/2025\/10\/cropped-uni-logo-2.jpg\",\"width\":512,\"height\":512,\"caption\":\"Unico Blog\"},\"image\":{\"@id\":\"https:\/\/www.unicosigorta.com.tr\/blog\/#\/schema\/logo\/image\/\"}},{\"@type\":\"Person\",\"@id\":\"https:\/\/www.unicosigorta.com.tr\/blog\/#\/schema\/person\/faa75dc878ba719bed926ac4ec1f1e7b\",\"name\":\"unico admin\",\"image\":{\"@type\":\"ImageObject\",\"inLanguage\":\"tr\",\"@id\":\"https:\/\/www.unicosigorta.com.tr\/blog\/#\/schema\/person\/image\/\",\"url\":\"https:\/\/secure.gravatar.com\/avatar\/7145c29f894383f262f7ace34e6cb9f51610af77b8f646597b6ffaca67953489?s=96&d=mm&r=g\",\"contentUrl\":\"https:\/\/secure.gravatar.com\/avatar\/7145c29f894383f262f7ace34e6cb9f51610af77b8f646597b6ffaca67953489?s=96&d=mm&r=g\",\"caption\":\"unico admin\"},\"url\":\"https:\/\/www.unicosigorta.com.tr\/blog\/author\/unicoadmin\/\"}]}<\/script>\n<!-- \/ Yoast SEO plugin. -->","yoast_head_json":{"title":"B\u00fcnyamin S\u00fcrmeli'den 12-18 Mart Hava Durumu Yorumu -","robots":{"index":"index","follow":"follow","max-snippet":"max-snippet:-1","max-image-preview":"max-image-preview:large","max-video-preview":"max-video-preview:-1"},"canonical":"https:\/\/www.unicosigorta.com.tr\/blog\/bunyamin-surmeliden-12-18-mart-hava-durumu-yorumu\/","og_locale":"tr_TR","og_type":"article","og_title":"B\u00fcnyamin S\u00fcrmeli'den 12-18 Mart Hava Durumu Yorumu -","og_description":"Ge\u00e7ti\u011fimiz hafta ba\u015flayan bahar havalar\u0131 Sal\u0131 g\u00fcn\u00fc orta ve bat\u0131 b\u00f6lgelerde yerini g\u00f6k g\u00fcr\u00fclt\u00fcl\u00fc sa\u011fanak ve kuvvetli ya\u011f\u0131\u015flara b\u0131rak\u0131yor. Y\u0131ld\u0131r\u0131m ve \u015fiddetli ya\u011f\u0131\u015fa dikkat, a\u011fa\u00e7 altlar\u0131na s\u0131\u011f\u0131nmay\u0131n. Marmara\u2019da ya\u011f\u0131\u015flar 1-1.5 g\u00fcn s\u00fcrecek gibi g\u00f6r\u00fcn\u00fcyor. Haftan\u0131n ikinci yar\u0131s\u0131nda s\u0131cakl\u0131klar 3-4 derece azalacak ancak 15 derecenin alt\u0131na \u00e7ok inmeden bahar havalar\u0131 s\u00fcrecek. Hafta sonuna do\u011fru, Cuma, Cumartesi, [&hellip;]","og_url":"https:\/\/www.unicosigorta.com.tr\/blog\/bunyamin-surmeliden-12-18-mart-hava-durumu-yorumu\/","article_published_time":"2018-03-12T15:55:08+00:00","article_modified_time":"2018-11-02T07:56:42+00:00","og_image":[{"width":880,"height":487,"url":"https:\/\/www.unicosigorta.com.tr\/blog\/dosyalar\/2018\/03\/hava-durumu.jpg","type":"image\/jpeg"}],"author":"unico admin","twitter_card":"summary_large_image","twitter_misc":{"Yazan:":"unico admin","Tahmini okuma s\u00fcresi":"1 dakika"},"schema":{"@context":"https:\/\/schema.org","@graph":[{"@type":"Article","@id":"https:\/\/www.unicosigorta.com.tr\/blog\/bunyamin-surmeliden-12-18-mart-hava-durumu-yorumu\/#article","isPartOf":{"@id":"https:\/\/www.unicosigorta.com.tr\/blog\/bunyamin-surmeliden-12-18-mart-hava-durumu-yorumu\/"},"author":{"name":"unico admin","@id":"https:\/\/www.unicosigorta.com.tr\/blog\/#\/schema\/person\/faa75dc878ba719bed926ac4ec1f1e7b"},"headline":"B\u00fcnyamin S\u00fcrmeli&#8217;den 12-18 Mart Hava Durumu Yorumu","datePublished":"2018-03-12T15:55:08+00:00","dateModified":"2018-11-02T07:56:42+00:00","mainEntityOfPage":{"@id":"https:\/\/www.unicosigorta.com.tr\/blog\/bunyamin-surmeliden-12-18-mart-hava-durumu-yorumu\/"},"wordCount":146,"commentCount":0,"publisher":{"@id":"https:\/\/www.unicosigorta.com.tr\/blog\/#organization"},"image":{"@id":"https:\/\/www.unicosigorta.com.tr\/blog\/bunyamin-surmeliden-12-18-mart-hava-durumu-yorumu\/#primaryimage"},"thumbnailUrl":"https:\/\/www.unicosigorta.com.tr\/blog\/dosyalar\/2018\/03\/hava-durumu.jpg","keywords":["b\u00fcnyamin s\u00fcrmeli","hava durumu"],"articleSection":["G\u00fcncel Hava Olaylar\u0131"],"inLanguage":"tr","potentialAction":[{"@type":"CommentAction","name":"Comment","target":["https:\/\/www.unicosigorta.com.tr\/blog\/bunyamin-surmeliden-12-18-mart-hava-durumu-yorumu\/#respond"]}]},{"@type":"WebPage","@id":"https:\/\/www.unicosigorta.com.tr\/blog\/bunyamin-surmeliden-12-18-mart-hava-durumu-yorumu\/","url":"https:\/\/www.unicosigorta.com.tr\/blog\/bunyamin-surmeliden-12-18-mart-hava-durumu-yorumu\/","name":"B\u00fcnyamin S\u00fcrmeli'den 12-18 Mart Hava Durumu Yorumu -","isPartOf":{"@id":"https:\/\/www.unicosigorta.com.tr\/blog\/#website"},"primaryImageOfPage":{"@id":"https:\/\/www.unicosigorta.com.tr\/blog\/bunyamin-surmeliden-12-18-mart-hava-durumu-yorumu\/#primaryimage"},"image":{"@id":"https:\/\/www.unicosigorta.com.tr\/blog\/bunyamin-surmeliden-12-18-mart-hava-durumu-yorumu\/#primaryimage"},"thumbnailUrl":"https:\/\/www.unicosigorta.com.tr\/blog\/dosyalar\/2018\/03\/hava-durumu.jpg","datePublished":"2018-03-12T15:55:08+00:00","dateModified":"2018-11-02T07:56:42+00:00","breadcrumb":{"@id":"https:\/\/www.unicosigorta.com.tr\/blog\/bunyamin-surmeliden-12-18-mart-hava-durumu-yorumu\/#breadcrumb"},"inLanguage":"tr","potentialAction":[{"@type":"ReadAction","target":["https:\/\/www.unicosigorta.com.tr\/blog\/bunyamin-surmeliden-12-18-mart-hava-durumu-yorumu\/"]}]},{"@type":"ImageObject","inLanguage":"tr","@id":"https:\/\/www.unicosigorta.com.tr\/blog\/bunyamin-surmeliden-12-18-mart-hava-durumu-yorumu\/#primaryimage","url":"https:\/\/www.unicosigorta.com.tr\/blog\/dosyalar\/2018\/03\/hava-durumu.jpg","contentUrl":"https:\/\/www.unicosigorta.com.tr\/blog\/dosyalar\/2018\/03\/hava-durumu.jpg","width":880,"height":487},{"@type":"BreadcrumbList","@id":"https:\/\/www.unicosigorta.com.tr\/blog\/bunyamin-surmeliden-12-18-mart-hava-durumu-yorumu\/#breadcrumb","itemListElement":[{"@type":"ListItem","position":1,"name":"Ana sayfa","item":"https:\/\/www.unicosigorta.com.tr\/blog\/"},{"@type":"ListItem","position":2,"name":"B\u00fcnyamin S\u00fcrmeli&#8217;den 12-18 Mart Hava Durumu Yorumu"}]},{"@type":"WebSite","@id":"https:\/\/www.unicosigorta.com.tr\/blog\/#website","url":"https:\/\/www.unicosigorta.com.tr\/blog\/","name":"Unico Blog","description":"De\u011ferini Bilir, G\u00fcven Verir.","publisher":{"@id":"https:\/\/www.unicosigorta.com.tr\/blog\/#organization"},"potentialAction":[{"@type":"SearchAction","target":{"@type":"EntryPoint","urlTemplate":"https:\/\/www.unicosigorta.com.tr\/blog\/?s={search_term_string}"},"query-input":{"@type":"PropertyValueSpecification","valueRequired":true,"valueName":"search_term_string"}}],"inLanguage":"tr"},{"@type":"Organization","@id":"https:\/\/www.unicosigorta.com.tr\/blog\/#organization","name":"Unico Blog","url":"https:\/\/www.unicosigorta.com.tr\/blog\/","logo":{"@type":"ImageObject","inLanguage":"tr","@id":"https:\/\/www.unicosigorta.com.tr\/blog\/#\/schema\/logo\/image\/","url":"https:\/\/www.unicosigorta.com.tr\/blog\/dosyalar\/2025\/10\/cropped-uni-logo-2.jpg","contentUrl":"https:\/\/www.unicosigorta.com.tr\/blog\/dosyalar\/2025\/10\/cropped-uni-logo-2.jpg","width":512,"height":512,"caption":"Unico Blog"},"image":{"@id":"https:\/\/www.unicosigorta.com.tr\/blog\/#\/schema\/logo\/image\/"}},{"@type":"Person","@id":"https:\/\/www.unicosigorta.com.tr\/blog\/#\/schema\/person\/faa75dc878ba719bed926ac4ec1f1e7b","name":"unico admin","image":{"@type":"ImageObject","inLanguage":"tr","@id":"https:\/\/www.unicosigorta.com.tr\/blog\/#\/schema\/person\/image\/","url":"https:\/\/secure.gravatar.com\/avatar\/7145c29f894383f262f7ace34e6cb9f51610af77b8f646597b6ffaca67953489?s=96&d=mm&r=g","contentUrl":"https:\/\/secure.gravatar.com\/avatar\/7145c29f894383f262f7ace34e6cb9f51610af77b8f646597b6ffaca67953489?s=96&d=mm&r=g","caption":"unico admin"},"url":"https:\/\/www.unicosigorta.com.tr\/blog\/author\/unicoadmin\/"}]}},"views":4623,"_links":{"self":[{"href":"https:\/\/www.unicosigorta.com.tr\/blog\/wp-json\/wp\/v2\/posts\/392","targetHints":{"allow":["GET"]}}],"collection":[{"href":"https:\/\/www.unicosigorta.com.tr\/blog\/wp-json\/wp\/v2\/posts"}],"about":[{"href":"https:\/\/www.unicosigorta.com.tr\/blog\/wp-json\/wp\/v2\/types\/post"}],"author":[{"embeddable":true,"href":"https:\/\/www.unicosigorta.com.tr\/blog\/wp-json\/wp\/v2\/users\/3"}],"replies":[{"embeddable":true,"href":"https:\/\/www.unicosigorta.com.tr\/blog\/wp-json\/wp\/v2\/comments?post=392"}],"version-history":[{"count":0,"href":"https:\/\/www.unicosigorta.com.tr\/blog\/wp-json\/wp\/v2\/posts\/392\/revisions"}],"wp:featuredmedia":[{"embeddable":true,"href":"https:\/\/www.unicosigorta.com.tr\/blog\/wp-json\/wp\/v2\/media\/394"}],"wp:attachment":[{"href":"https:\/\/www.unicosigorta.com.tr\/blog\/wp-json\/wp\/v2\/media?parent=392"}],"wp:term":[{"taxonomy":"category","embeddable":true,"href":"https:\/\/www.unicosigorta.com.tr\/blog\/wp-json\/wp\/v2\/categories?post=392"},{"taxonomy":"post_tag","embeddable":true,"href":"https:\/\/www.unicosigorta.com.tr\/blog\/wp-json\/wp\/v2\/tags?post=392"}],"curies":[{"name":"wp","href":"https:\/\/api.w.org\/{rel}","templated":true}]}}