{"id":620,"date":"2021-09-05T14:23:00","date_gmt":"2021-09-05T11:23:00","guid":{"rendered":"https:\/\/www.unicosigorta.com.tr\/blog\/?p=620"},"modified":"2024-02-20T14:37:23","modified_gmt":"2024-02-20T11:37:23","slug":"iklim-degisiminden-dunya-miraslarina-dunya-miraslarindan-iklim-degisimlerine-baglanti","status":"publish","type":"post","link":"https:\/\/www.unicosigorta.com.tr\/blog\/iklim-degisiminden-dunya-miraslarina-dunya-miraslarindan-iklim-degisimlerine-baglanti\/","title":{"rendered":"\u0130klim De\u011fi\u015fiminden D\u00fcnya Miraslar\u0131na, D\u00fcnya Miraslar\u0131ndan \u0130klim De\u011fi\u015fimlerine Ba\u011flant\u0131"},"content":{"rendered":"<p>Koskoca yap\u0131lar, y\u00fczy\u0131llara dayanm\u0131\u015f ta\u015flar, kayal\u0131klar, as\u0131rlar\u0131n habitat\u0131 nas\u0131l olur da bir iklim de\u011fi\u015fimi ile y\u0131k\u0131labilir? Evet maalesef \u00f6yle, \u0130klim de\u011fi\u015fimi D\u00fcnya K\u00fclt\u00fcr Miraslar\u0131m\u0131z\u0131 da tehdit ediyor. Asl\u0131nda her \u015feyi etkiledi\u011fi gibi tarihimizi etkilemesi de \u00e7ok do\u011fal. An\u0131lar, hat\u0131ralar, ya\u015fanm\u0131\u015fl\u0131klar bizi biz yap\u0131yor, nas\u0131l ders \u00e7\u0131kart\u0131rsan \u00e7\u0131kart, ruhunu nas\u0131l e\u011fitirsen e\u011fit, ama \u00e7ok \u00f6nemli. Tarihin de hat\u0131ralar\u0131 D\u00fcnya K\u00fclt\u00fcr Miraslar\u0131. \u015eimdi konu\u015ftu\u011fumuzda daha netle\u015fecek, hadi ba\u015flayal\u0131m.<\/p>\n<p>\u0130klim de\u011fi\u015fimi, buzullar\u0131n erimesi, deniz seviyesinin y\u00fckselmesi, orman yang\u0131nlar\u0131n\u0131n s\u0131kla\u015fmas\u0131, kurakl\u0131k, \u0131s\u0131 dalgalar\u0131, salg\u0131n hastal\u0131klar, okyanuslar\u0131n asidikle\u015fmesi gibi bir\u00e7ok probleme yol a\u00e7\u0131yor. Bunlar\u0131 duyarak biliyorduk, \u015fimdi ya\u015fayarak biliyoruz. Yeni bir rapora g\u00f6re, daha \u015fimdiden 29 \u00fclkede 31 Do\u011fal ve K\u00fclt\u00fcrel D\u00fcnya Miras\u0131 alan\u0131 iklim de\u011fi\u015fiminden etkilenmi\u015f durumda. Artan s\u0131cakl\u0131klara, eriyen buzullara, y\u00fckselen denizlere, yo\u011funla\u015fan hava olaylar\u0131na, k\u00f6t\u00fcle\u015fen kurakl\u0131\u011fa ve uzun s\u00fcren orman yang\u0131n\u0131 sezonlar\u0131na kar\u015f\u0131 art\u0131k daha hassaslar. Aynen buzullar gibi. Buzullar art\u0131k \u0131s\u0131nmaya kar\u015f\u0131 daha savunmas\u0131z. Neden? Ya\u015fl\u0131 ama da\u011f gibi birini g\u00f6rd\u00fc\u011f\u00fcm\u00fczde \u201co eski toprak\u201d deriz ya, buzullar\u0131n da eskisi daha dayan\u0131kl\u0131, \u0131s\u0131nmaya kar\u015f\u0131 daha diren\u00e7li ve biz \u015fimdi onlar\u0131 kaybediyoruz. D\u00fcnya K\u00fclt\u00fcr Miraslar\u0131 da y\u00fczlerce, binlerce y\u0131la g\u00f6\u011f\u00fcs geriyor, ama iklim de\u011fi\u015fimine kar\u015f\u0131 art\u0131k daha diren\u00e7siz.<\/p>\n<p>Su g\u00f6t\u00fcrmez bir ger\u00e7ek, atmosferdeki ana sera gaz\u0131 oyuncusu karbondioksitin konsantrasyonu \u00a0800.000 y\u0131ldan bu yana en y\u00fcksek de\u011ferinde. Yani iklim de\u011fi\u015fimi var m\u0131 yok mu tart\u0131\u015fmalar\u0131 bir yana dursun, karbondioksit art\u0131\u015f\u0131 kan\u0131tlanm\u0131\u015f bir ger\u00e7ek. K\u00fcresel ortalama s\u0131cakl\u0131\u011f\u0131m\u0131z da 1880\u2019den bu yana 1 \u00b0C derece artm\u0131\u015f durumda. H\u00fck\u00fcmetleraras\u0131 \u0130klim De\u011fi\u015fikli\u011fi Paneli\u2019ne (IPCC) g\u00f6re, okyanuslar\u0131n ve atmosferin \u0131s\u0131nmas\u0131, y\u00fckselen deniz seviyeleri ve azalan kar ve buz gibi baz\u0131 son de\u011fi\u015fiklikler, son y\u0131llarda daha anormal \u015fekilde ger\u00e7ekle\u015fiyor. Ve diyor ki s\u0131cakl\u0131k y\u00fckselmeye devam ettik\u00e7e, \u0131s\u0131 dalgalar\u0131 ve a\u015f\u0131r\u0131 ya\u011f\u0131\u015flar daha yo\u011fun ve s\u0131k olacak, okyanuslar \u0131s\u0131nmaya ve asitlenmeye devam edecek ve deniz seviyesi y\u00fckselme oran\u0131 daha da artacak.<\/p>\n<p>UNESCO, UNEP Turizm ve \u00c7evre Program\u0131, UCS ve IUCN Do\u011fay\u0131 Koruma Birli\u011fi\u2019nin haz\u0131rlad\u0131\u011f\u0131 rapora g\u00f6re de, bir\u00e7ok D\u00fcnya Miras\u0131 b\u00f6lgesinde, iklim de\u011fi\u015fikli\u011finin do\u011frudan ve dolayl\u0131 etkileri bu miraslar\u0131n evrensel de\u011feri ve b\u00fct\u00fcnl\u00fc\u011f\u00fcne tehdit olu\u015fturuyor. \u0130klim de\u011fi\u015fimi ba\u015fl\u0131 ba\u015f\u0131na ekstrem hava olaylar\u0131 ile zarar verebildi\u011fi gibi kirlilik, kentle\u015fme, habitat b\u00f6l\u00fcnmesi, plans\u0131z ya da yetersiz y\u00f6netilen turizm gibi bir \u00e7ok ara sebebi de daha a\u011f\u0131r sorunlara d\u00f6n\u00fc\u015ft\u00fcrebiliyor. \u00d6rneklerden gidelim ki konu\u015ftu\u011fumuzu g\u00f6z\u00fcm\u00fczde canland\u0131rabilelim;<br \/>\nAmerika \u00d6zg\u00fcrl\u00fck Heykeli. O kadar heybetli olsa da iklim de\u011fi\u015fimi kar\u015f\u0131s\u0131nda zay\u0131f kal\u0131yor. Deniz seviyesinin y\u00fckselmesi ve f\u0131rt\u0131nalar\u0131n, gelgitlerin s\u0131kla\u015fmas\u0131 tehdidiyle kar\u015f\u0131 kar\u015f\u0131ya. Mesela 2012\u2019de Sandy Kas\u0131rgas\u0131\u2019n\u0131n ta\u015f\u0131d\u0131\u011f\u0131 sular, \u00d6zg\u00fcrl\u00fck Adas\u0131\u2019n\u0131n %75\u2019ini sular alt\u0131nda b\u0131rakt\u0131. Heykel o zaman zarar g\u00f6rmedi belki ama altyap\u0131ya b\u00fcy\u00fck hasar verdi. Ellis Adas\u0131 ile birlikte hasar bedeli 77 milyon dolar\u0131 a\u015fm\u0131\u015ft\u0131 o zamanlar.<br \/>\nMasmavi, caan\u0131m Galapagos Adalar\u0131, Ekvador. Mesele sadece g\u00f6rsel do\u011fa de\u011fil, biyolojik \u00e7e\u015fitlili\u011fin yuvas\u0131 buras\u0131. Charles Darwin g\u00fczel \u00f6zetlemi\u015f: \u201cGalapagos, kendi i\u00e7inde k\u00fc\u00e7\u00fck bir d\u00fcnya\u201d. Gel gelelim, son y\u0131llarda bu biyolojik \u00e7e\u015fitlilik de elden gidiyor. Zaten ba\u015f\u0131nda turizm, n\u00fcfus art\u0131\u015f\u0131 ve yasad\u0131\u015f\u0131 bal\u0131k\u00e7\u0131l\u0131k gibi dertleri var. Buna bir de iklim de\u011fi\u015fimi eklenince dertli ba\u015f\u0131na daha da dert sarm\u0131\u015f. Gal\u00e1pagos co\u011frafi olarak s\u0131cak okyanus sular\u0131n\u0131n kalbinde konumlanm\u0131\u015f, dolay\u0131s\u0131yla su s\u0131cakl\u0131klar\u0131ndaki de\u011fi\u015fiklik direkt olarak deniz ya\u015fam\u0131n\u0131 etkiliyor. Bu y\u00fczden El Nino\u2019dan en \u00e7ok etkilenen yerlerin ba\u015f\u0131nda geliyor bu adalar. \u015eimdi, El Nino belirli periyotlarda ger\u00e7ekle\u015fen do\u011fal bir sal\u0131n\u0131m, iklim de\u011fi\u015fimi bunun neresinde dediysen bekle: birincisi ENSO dedi\u011fimiz bu sal\u0131m\u0131nlar\u0131n frekans\u0131 art\u0131yor, evet olmayan bir \u015fey ortaya \u00e7\u0131km\u0131yor ama daha s\u0131k olu\u015fmaya ba\u015fl\u0131yor. \u0130kincisi 1982-1983 ve 1997-1998 El Nino\u2019nun \u00e7ok g\u00fc\u00e7l\u00fc ya\u015fand\u0131\u011f\u0131 y\u0131llard\u0131. \u0130klim de\u011fi\u015fimi bu gibi y\u0131llar\u0131 daha \u00e7ok ya\u015famam\u0131za sebep oluyor ve bu gibi y\u0131llarda da sular\u0131n fazla \u0131s\u0131nmas\u0131ndan veya ger\u00e7ekle\u015fen a\u015f\u0131r\u0131 hava olaylar\u0131ndan dolay\u0131 adan\u0131n kendine \u00f6zg\u00fc g\u0131da maddeleri zarar g\u00f6rd\u00fc, g\u00f6r\u00fcyor da. K\u0131sacas\u0131 besin a\u011f\u0131 yara al\u0131yor, ayn\u0131 zamanda alt\u00fcst oluyor. Ayr\u0131ca El Ni\u00f1o ile ili\u015fkili Ekvator-Alt-Ak\u0131nt\u0131s\u0131n\u0131n da a\u015f\u0131r\u0131 zay\u0131flamas\u0131, t\u00fcm g\u0131da a\u011f\u0131n\u0131 etkileyebiliyor. Neden t\u00fcm g\u0131da a\u011f\u0131? \u00c7\u00fcnk\u00fc besin zincirinin temelinde yer alan planktonlardan Fitoplankton mevcudiyetinde azalmaya, k\u00fc\u00e7\u00fck bal\u0131klar\u0131n ve omurgas\u0131zlar\u0131n g\u00f6\u00e7 etmesine de neden olabiliyor g\u00fc\u00e7l\u00fc El Nino\u2019lar. \u0130klim de\u011fi\u015fimi e\u015fittir g\u00fc\u00e7l\u00fc El-Nino demek. Mercan resifleri de, her bir El Nino olay\u0131ndan etkileniyor ve s\u0131cak sulardan dolay\u0131 a\u011farma meydana geliyor. Mercanlar yoksa denizlerde ya\u015fant\u0131 yok, oksijen yok, bal\u0131k yok, yok o\u011flu yok.<\/p>\n<figure id=\"attachment_622\" aria-describedby=\"caption-attachment-622\" style=\"width: 750px\" class=\"wp-caption alignnone\"><img  title=\"\" loading=\"lazy\" decoding=\"async\" class=\"wp-image-622 size-full\" src=\"https:\/\/www.unicosigorta.com.tr\/blog\/dosyalar\/2018\/05\/2-1-3.png\"  alt=\"2-1-3 \u0130klim De\u011fi\u015fiminden D\u00fcnya Miraslar\u0131na, D\u00fcnya Miraslar\u0131ndan \u0130klim De\u011fi\u015fimlerine Ba\u011flant\u0131\"  width=\"750\" height=\"515\" srcset=\"https:\/\/www.unicosigorta.com.tr\/blog\/dosyalar\/2018\/05\/2-1-3.png 750w, https:\/\/www.unicosigorta.com.tr\/blog\/dosyalar\/2018\/05\/2-1-3-100x70.png 100w, https:\/\/www.unicosigorta.com.tr\/blog\/dosyalar\/2018\/05\/2-1-3-218x150.png 218w, https:\/\/www.unicosigorta.com.tr\/blog\/dosyalar\/2018\/05\/2-1-3-696x478.png 696w, https:\/\/www.unicosigorta.com.tr\/blog\/dosyalar\/2018\/05\/2-1-3-612x420.png 612w\" sizes=\"auto, (max-width: 750px) 100vw, 750px\" \/><figcaption id=\"caption-attachment-622\" class=\"wp-caption-text\">j<\/figcaption><\/figure>\n<p>Hindistan\u2019\u0131n Elephanta Ma\u011faralar\u0131 ile devam edelim. O da 130 D\u00fcnya K\u00fclt\u00fcr Miras\u0131ndan biri. Ne i\u015f\u00e7ilik ama. Devasa ta\u015flar\u0131n i\u00e7ine y\u00fczlerce y\u0131l \u00f6nce. Bir de rivayete g\u00f6re, d\u00f6nemin sanatkarlar\u0131 gece \u00e7al\u0131\u015fabilsin diye ma\u011faran\u0131n \u00fc\u00e7 taraf\u0131nda su birikintileri olu\u015fturulmu\u015f. Ay \u0131\u015f\u0131\u011f\u0131 su birikintilerinden yans\u0131yarak ma\u011faran\u0131n i\u00e7i ayd\u0131nlat\u0131lm\u0131\u015f ve \u00e7al\u0131\u015fmalar gece de devam etmi\u015f. \u0130\u015fte bu kadar i\u015f\u00e7ilik, bu kadar emek, \u015fimdi iklim de\u011fi\u015fiminin ellerinde. Rapora g\u00f6re, Elephanta Ma\u011faralar\u0131 uzun vadede deniz seviyesi y\u00fckselmesi riski ile kar\u015f\u0131 kar\u015f\u0131ya.<\/p>\n<p><img  title=\"\" loading=\"lazy\" decoding=\"async\" class=\"alignnone size-full wp-image-623\" src=\"https:\/\/www.unicosigorta.com.tr\/blog\/dosyalar\/2018\/05\/3-1-2.png\"  alt=\"3-1-2 \u0130klim De\u011fi\u015fiminden D\u00fcnya Miraslar\u0131na, D\u00fcnya Miraslar\u0131ndan \u0130klim De\u011fi\u015fimlerine Ba\u011flant\u0131\"  width=\"750\" height=\"515\" srcset=\"https:\/\/www.unicosigorta.com.tr\/blog\/dosyalar\/2018\/05\/3-1-2.png 750w, https:\/\/www.unicosigorta.com.tr\/blog\/dosyalar\/2018\/05\/3-1-2-100x70.png 100w, https:\/\/www.unicosigorta.com.tr\/blog\/dosyalar\/2018\/05\/3-1-2-218x150.png 218w, https:\/\/www.unicosigorta.com.tr\/blog\/dosyalar\/2018\/05\/3-1-2-696x478.png 696w, https:\/\/www.unicosigorta.com.tr\/blog\/dosyalar\/2018\/05\/3-1-2-612x420.png 612w\" sizes=\"auto, (max-width: 750px) 100vw, 750px\" \/><\/p>\n<p>Bir \u00f6rnek daha ister misiniz, bu kadar iklimi de\u011fi\u015ftirirsek elimizde \u00f6rnekten bol bir \u015fey olmayacak. Mali&#8217;deki Djenn\u00e9 Camii. Bu gibi geleneksel toprak yap\u0131lar\u0131, s\u0131cakl\u0131k ve nemdeki de\u011fi\u015fikliklere \u00f6zellikle duyarl\u0131lar ve risk alt\u0131nda.<br \/>\nFilipinler\u2019in pirin\u00e7 tarlalar\u0131. Asla pirin\u00e7 deyip ge\u00e7meyelim. O ne intizam o ne g\u00fczel bir manzarad\u0131r. D\u00fcnyan\u0131n sekizinci harikas\u0131. Ifugao halk\u0131 sa\u011folsun, y\u0131llarca \u00e7al\u0131\u015fm\u0131\u015f ve bu k\u00fclt\u00fcr miras\u0131n\u0131 b\u0131rakm\u0131\u015f. Unesco K\u00fclt\u00fcr Miras\u0131 listesinde kendisi. \u015eimdi de iklim de\u011fi\u015fiminden etkilenen k\u00fclt\u00fcr miraslar\u0131 listesine giri\u015f yapt\u0131. \u0130\u015fte bu da i\u015fin olumsuz taraf\u0131. \u015eiddetli f\u0131rt\u0131nalar, a\u015f\u0131r\u0131 ya\u011f\u0131\u015f olaylar\u0131, sel, toprak kaymas\u0131, kurakl\u0131k ve orman yang\u0131nlar\u0131 gibi iklimle ilgili felaketler, savunmas\u0131z pirin\u00e7 tarlalar\u0131na y\u00f6nelik artan bir tehdit olu\u015fturuyor.<br \/>\n\u00d6rnekler daha var, UNESCO ve \u00c7evre Kurulu\u015flar\u0131 epey \u00e7al\u0131\u015fm\u0131\u015f, haz\u0131rlam\u0131\u015f. Sizinle bir ka\u00e7\u0131n\u0131 payla\u015fay\u0131m dedim, di\u011ferlerine istersen g\u00f6z atabilirsin.<\/p>\n<p><img  title=\"\" loading=\"lazy\" decoding=\"async\" class=\"alignnone size-full wp-image-624\" src=\"https:\/\/www.unicosigorta.com.tr\/blog\/dosyalar\/2018\/05\/4-1-1.png\"  alt=\"4-1-1 \u0130klim De\u011fi\u015fiminden D\u00fcnya Miraslar\u0131na, D\u00fcnya Miraslar\u0131ndan \u0130klim De\u011fi\u015fimlerine Ba\u011flant\u0131\"  width=\"750\" height=\"515\" srcset=\"https:\/\/www.unicosigorta.com.tr\/blog\/dosyalar\/2018\/05\/4-1-1.png 750w, https:\/\/www.unicosigorta.com.tr\/blog\/dosyalar\/2018\/05\/4-1-1-100x70.png 100w, https:\/\/www.unicosigorta.com.tr\/blog\/dosyalar\/2018\/05\/4-1-1-218x150.png 218w, https:\/\/www.unicosigorta.com.tr\/blog\/dosyalar\/2018\/05\/4-1-1-696x478.png 696w, https:\/\/www.unicosigorta.com.tr\/blog\/dosyalar\/2018\/05\/4-1-1-612x420.png 612w\" sizes=\"auto, (max-width: 750px) 100vw, 750px\" \/><\/p>\n<p>163 \u00fclkede 1000\u2019den fazla D\u00fcnya Miras\u0131 var ve bunlar\u0131n \u00e7o\u011fu da \u00f6nemli turistik b\u00f6lgelerde. Tabii bu D\u00fcnya Miraslar\u0131n\u0131n maddi kar\u015f\u0131l\u0131\u011f\u0131 yok ama turistik b\u00f6lgeler olmas\u0131 itibariyle\u00a0 ekonomik boyutu da s\u00f6z konusu. Ekonomik etkilenme, ekonomik krizler iklim de\u011fi\u015fiminde etken ayaklardan biridir, bunu bilahare anlat\u0131r\u0131m, dolay\u0131s\u0131yla iklim de\u011fi\u015fimi D\u00fcnya Miraslar\u0131n\u0131 vuruyor, arkas\u0131ndan dolayl\u0131 olarak yara alan D\u00fcnya Miraslar\u0131 da iklimi vuruyor, al\u0131n size negatif geri besleme. Ne diyim, \u00f6n\u00fcm\u00fcz yaz, gidelim gezelim, g\u00f6relim bari, ya da do\u011fay\u0131 bu kadar hoyrat t\u00fcketmeyelim.<\/p>\n","protected":false},"excerpt":{"rendered":"<p>Koskoca yap\u0131lar, y\u00fczy\u0131llara dayanm\u0131\u015f ta\u015flar, kayal\u0131klar, as\u0131rlar\u0131n habitat\u0131 nas\u0131l olur da bir iklim de\u011fi\u015fimi ile y\u0131k\u0131labilir? Evet maalesef \u00f6yle, \u0130klim de\u011fi\u015fimi D\u00fcnya K\u00fclt\u00fcr Miraslar\u0131m\u0131z\u0131 da tehdit ediyor. Asl\u0131nda her \u015feyi etkiledi\u011fi gibi tarihimizi etkilemesi de \u00e7ok do\u011fal. An\u0131lar, hat\u0131ralar, ya\u015fanm\u0131\u015fl\u0131klar bizi biz yap\u0131yor, nas\u0131l ders \u00e7\u0131kart\u0131rsan \u00e7\u0131kart, ruhunu nas\u0131l e\u011fitirsen e\u011fit, ama \u00e7ok \u00f6nemli. Tarihin [&hellip;]<\/p>\n","protected":false},"author":3,"featured_media":625,"comment_status":"open","ping_status":"open","sticky":false,"template":"","format":"standard","meta":{"_acf_changed":false,"amp_status":"","footnotes":"","_links_to":"","_links_to_target":""},"categories":[10],"tags":[],"class_list":["post-620","post","type-post","status-publish","format-standard","has-post-thumbnail","hentry","category-guncel-hava-olaylari"],"acf":[],"yoast_head":"<!-- This site is optimized with the Yoast SEO plugin v26.6 - https:\/\/yoast.com\/wordpress\/plugins\/seo\/ -->\n<title>\u0130klim De\u011fi\u015fiminden D\u00fcnya Miraslar\u0131na, D\u00fcnya Miraslar\u0131ndan \u0130klim De\u011fi\u015fimlerine Ba\u011flant\u0131 -<\/title>\n<meta name=\"robots\" content=\"index, follow, max-snippet:-1, max-image-preview:large, max-video-preview:-1\" \/>\n<link rel=\"canonical\" href=\"https:\/\/www.unicosigorta.com.tr\/blog\/iklim-degisiminden-dunya-miraslarina-dunya-miraslarindan-iklim-degisimlerine-baglanti\/\" \/>\n<meta property=\"og:locale\" content=\"tr_TR\" \/>\n<meta property=\"og:type\" content=\"article\" \/>\n<meta property=\"og:title\" content=\"\u0130klim De\u011fi\u015fiminden D\u00fcnya Miraslar\u0131na, D\u00fcnya Miraslar\u0131ndan \u0130klim De\u011fi\u015fimlerine Ba\u011flant\u0131 -\" \/>\n<meta property=\"og:description\" content=\"Koskoca yap\u0131lar, y\u00fczy\u0131llara dayanm\u0131\u015f ta\u015flar, kayal\u0131klar, as\u0131rlar\u0131n habitat\u0131 nas\u0131l olur da bir iklim de\u011fi\u015fimi ile y\u0131k\u0131labilir? Evet maalesef \u00f6yle, \u0130klim de\u011fi\u015fimi D\u00fcnya K\u00fclt\u00fcr Miraslar\u0131m\u0131z\u0131 da tehdit ediyor. Asl\u0131nda her \u015feyi etkiledi\u011fi gibi tarihimizi etkilemesi de \u00e7ok do\u011fal. An\u0131lar, hat\u0131ralar, ya\u015fanm\u0131\u015fl\u0131klar bizi biz yap\u0131yor, nas\u0131l ders \u00e7\u0131kart\u0131rsan \u00e7\u0131kart, ruhunu nas\u0131l e\u011fitirsen e\u011fit, ama \u00e7ok \u00f6nemli. Tarihin [&hellip;]\" \/>\n<meta property=\"og:url\" content=\"https:\/\/www.unicosigorta.com.tr\/blog\/iklim-degisiminden-dunya-miraslarina-dunya-miraslarindan-iklim-degisimlerine-baglanti\/\" \/>\n<meta property=\"article:published_time\" content=\"2021-09-05T11:23:00+00:00\" \/>\n<meta property=\"article:modified_time\" content=\"2024-02-20T11:37:23+00:00\" \/>\n<meta property=\"og:image\" content=\"https:\/\/www.unicosigorta.com.tr\/blog\/dosyalar\/2018\/05\/O\u0308zgu\u0308rlu\u0308k-Heykeli.png\" \/>\n\t<meta property=\"og:image:width\" content=\"750\" \/>\n\t<meta property=\"og:image:height\" content=\"515\" \/>\n\t<meta property=\"og:image:type\" content=\"image\/png\" \/>\n<meta name=\"author\" content=\"unico admin\" \/>\n<meta name=\"twitter:card\" content=\"summary_large_image\" \/>\n<meta name=\"twitter:label1\" content=\"Yazan:\" \/>\n\t<meta name=\"twitter:data1\" content=\"unico admin\" \/>\n\t<meta name=\"twitter:label2\" content=\"Tahmini okuma s\u00fcresi\" \/>\n\t<meta name=\"twitter:data2\" content=\"7 dakika\" \/>\n<script type=\"application\/ld+json\" class=\"yoast-schema-graph\">{\"@context\":\"https:\/\/schema.org\",\"@graph\":[{\"@type\":\"Article\",\"@id\":\"https:\/\/www.unicosigorta.com.tr\/blog\/iklim-degisiminden-dunya-miraslarina-dunya-miraslarindan-iklim-degisimlerine-baglanti\/#article\",\"isPartOf\":{\"@id\":\"https:\/\/www.unicosigorta.com.tr\/blog\/iklim-degisiminden-dunya-miraslarina-dunya-miraslarindan-iklim-degisimlerine-baglanti\/\"},\"author\":{\"name\":\"unico admin\",\"@id\":\"https:\/\/www.unicosigorta.com.tr\/blog\/#\/schema\/person\/faa75dc878ba719bed926ac4ec1f1e7b\"},\"headline\":\"\u0130klim De\u011fi\u015fiminden D\u00fcnya Miraslar\u0131na, D\u00fcnya Miraslar\u0131ndan \u0130klim De\u011fi\u015fimlerine Ba\u011flant\u0131\",\"datePublished\":\"2021-09-05T11:23:00+00:00\",\"dateModified\":\"2024-02-20T11:37:23+00:00\",\"mainEntityOfPage\":{\"@id\":\"https:\/\/www.unicosigorta.com.tr\/blog\/iklim-degisiminden-dunya-miraslarina-dunya-miraslarindan-iklim-degisimlerine-baglanti\/\"},\"wordCount\":1386,\"commentCount\":0,\"publisher\":{\"@id\":\"https:\/\/www.unicosigorta.com.tr\/blog\/#organization\"},\"image\":{\"@id\":\"https:\/\/www.unicosigorta.com.tr\/blog\/iklim-degisiminden-dunya-miraslarina-dunya-miraslarindan-iklim-degisimlerine-baglanti\/#primaryimage\"},\"thumbnailUrl\":\"https:\/\/www.unicosigorta.com.tr\/blog\/dosyalar\/2018\/05\/O\u0308zgu\u0308rlu\u0308k-Heykeli.png\",\"articleSection\":[\"G\u00fcncel Hava Olaylar\u0131\"],\"inLanguage\":\"tr\",\"potentialAction\":[{\"@type\":\"CommentAction\",\"name\":\"Comment\",\"target\":[\"https:\/\/www.unicosigorta.com.tr\/blog\/iklim-degisiminden-dunya-miraslarina-dunya-miraslarindan-iklim-degisimlerine-baglanti\/#respond\"]}]},{\"@type\":\"WebPage\",\"@id\":\"https:\/\/www.unicosigorta.com.tr\/blog\/iklim-degisiminden-dunya-miraslarina-dunya-miraslarindan-iklim-degisimlerine-baglanti\/\",\"url\":\"https:\/\/www.unicosigorta.com.tr\/blog\/iklim-degisiminden-dunya-miraslarina-dunya-miraslarindan-iklim-degisimlerine-baglanti\/\",\"name\":\"\u0130klim De\u011fi\u015fiminden D\u00fcnya Miraslar\u0131na, D\u00fcnya Miraslar\u0131ndan \u0130klim De\u011fi\u015fimlerine Ba\u011flant\u0131 -\",\"isPartOf\":{\"@id\":\"https:\/\/www.unicosigorta.com.tr\/blog\/#website\"},\"primaryImageOfPage\":{\"@id\":\"https:\/\/www.unicosigorta.com.tr\/blog\/iklim-degisiminden-dunya-miraslarina-dunya-miraslarindan-iklim-degisimlerine-baglanti\/#primaryimage\"},\"image\":{\"@id\":\"https:\/\/www.unicosigorta.com.tr\/blog\/iklim-degisiminden-dunya-miraslarina-dunya-miraslarindan-iklim-degisimlerine-baglanti\/#primaryimage\"},\"thumbnailUrl\":\"https:\/\/www.unicosigorta.com.tr\/blog\/dosyalar\/2018\/05\/O\u0308zgu\u0308rlu\u0308k-Heykeli.png\",\"datePublished\":\"2021-09-05T11:23:00+00:00\",\"dateModified\":\"2024-02-20T11:37:23+00:00\",\"breadcrumb\":{\"@id\":\"https:\/\/www.unicosigorta.com.tr\/blog\/iklim-degisiminden-dunya-miraslarina-dunya-miraslarindan-iklim-degisimlerine-baglanti\/#breadcrumb\"},\"inLanguage\":\"tr\",\"potentialAction\":[{\"@type\":\"ReadAction\",\"target\":[\"https:\/\/www.unicosigorta.com.tr\/blog\/iklim-degisiminden-dunya-miraslarina-dunya-miraslarindan-iklim-degisimlerine-baglanti\/\"]}]},{\"@type\":\"ImageObject\",\"inLanguage\":\"tr\",\"@id\":\"https:\/\/www.unicosigorta.com.tr\/blog\/iklim-degisiminden-dunya-miraslarina-dunya-miraslarindan-iklim-degisimlerine-baglanti\/#primaryimage\",\"url\":\"https:\/\/www.unicosigorta.com.tr\/blog\/dosyalar\/2018\/05\/O\u0308zgu\u0308rlu\u0308k-Heykeli.png\",\"contentUrl\":\"https:\/\/www.unicosigorta.com.tr\/blog\/dosyalar\/2018\/05\/O\u0308zgu\u0308rlu\u0308k-Heykeli.png\",\"width\":750,\"height\":515},{\"@type\":\"BreadcrumbList\",\"@id\":\"https:\/\/www.unicosigorta.com.tr\/blog\/iklim-degisiminden-dunya-miraslarina-dunya-miraslarindan-iklim-degisimlerine-baglanti\/#breadcrumb\",\"itemListElement\":[{\"@type\":\"ListItem\",\"position\":1,\"name\":\"Ana sayfa\",\"item\":\"https:\/\/www.unicosigorta.com.tr\/blog\/\"},{\"@type\":\"ListItem\",\"position\":2,\"name\":\"\u0130klim De\u011fi\u015fiminden D\u00fcnya Miraslar\u0131na, D\u00fcnya Miraslar\u0131ndan \u0130klim De\u011fi\u015fimlerine Ba\u011flant\u0131\"}]},{\"@type\":\"WebSite\",\"@id\":\"https:\/\/www.unicosigorta.com.tr\/blog\/#website\",\"url\":\"https:\/\/www.unicosigorta.com.tr\/blog\/\",\"name\":\"Unico Blog\",\"description\":\"De\u011ferini Bilir, G\u00fcven Verir.\",\"publisher\":{\"@id\":\"https:\/\/www.unicosigorta.com.tr\/blog\/#organization\"},\"potentialAction\":[{\"@type\":\"SearchAction\",\"target\":{\"@type\":\"EntryPoint\",\"urlTemplate\":\"https:\/\/www.unicosigorta.com.tr\/blog\/?s={search_term_string}\"},\"query-input\":{\"@type\":\"PropertyValueSpecification\",\"valueRequired\":true,\"valueName\":\"search_term_string\"}}],\"inLanguage\":\"tr\"},{\"@type\":\"Organization\",\"@id\":\"https:\/\/www.unicosigorta.com.tr\/blog\/#organization\",\"name\":\"Unico Blog\",\"url\":\"https:\/\/www.unicosigorta.com.tr\/blog\/\",\"logo\":{\"@type\":\"ImageObject\",\"inLanguage\":\"tr\",\"@id\":\"https:\/\/www.unicosigorta.com.tr\/blog\/#\/schema\/logo\/image\/\",\"url\":\"https:\/\/www.unicosigorta.com.tr\/blog\/dosyalar\/2025\/10\/cropped-uni-logo-2.jpg\",\"contentUrl\":\"https:\/\/www.unicosigorta.com.tr\/blog\/dosyalar\/2025\/10\/cropped-uni-logo-2.jpg\",\"width\":512,\"height\":512,\"caption\":\"Unico Blog\"},\"image\":{\"@id\":\"https:\/\/www.unicosigorta.com.tr\/blog\/#\/schema\/logo\/image\/\"}},{\"@type\":\"Person\",\"@id\":\"https:\/\/www.unicosigorta.com.tr\/blog\/#\/schema\/person\/faa75dc878ba719bed926ac4ec1f1e7b\",\"name\":\"unico admin\",\"image\":{\"@type\":\"ImageObject\",\"inLanguage\":\"tr\",\"@id\":\"https:\/\/www.unicosigorta.com.tr\/blog\/#\/schema\/person\/image\/\",\"url\":\"https:\/\/secure.gravatar.com\/avatar\/7145c29f894383f262f7ace34e6cb9f51610af77b8f646597b6ffaca67953489?s=96&d=mm&r=g\",\"contentUrl\":\"https:\/\/secure.gravatar.com\/avatar\/7145c29f894383f262f7ace34e6cb9f51610af77b8f646597b6ffaca67953489?s=96&d=mm&r=g\",\"caption\":\"unico admin\"},\"url\":\"https:\/\/www.unicosigorta.com.tr\/blog\/author\/unicoadmin\/\"}]}<\/script>\n<!-- \/ Yoast SEO plugin. -->","yoast_head_json":{"title":"\u0130klim De\u011fi\u015fiminden D\u00fcnya Miraslar\u0131na, D\u00fcnya Miraslar\u0131ndan \u0130klim De\u011fi\u015fimlerine Ba\u011flant\u0131 -","robots":{"index":"index","follow":"follow","max-snippet":"max-snippet:-1","max-image-preview":"max-image-preview:large","max-video-preview":"max-video-preview:-1"},"canonical":"https:\/\/www.unicosigorta.com.tr\/blog\/iklim-degisiminden-dunya-miraslarina-dunya-miraslarindan-iklim-degisimlerine-baglanti\/","og_locale":"tr_TR","og_type":"article","og_title":"\u0130klim De\u011fi\u015fiminden D\u00fcnya Miraslar\u0131na, D\u00fcnya Miraslar\u0131ndan \u0130klim De\u011fi\u015fimlerine Ba\u011flant\u0131 -","og_description":"Koskoca yap\u0131lar, y\u00fczy\u0131llara dayanm\u0131\u015f ta\u015flar, kayal\u0131klar, as\u0131rlar\u0131n habitat\u0131 nas\u0131l olur da bir iklim de\u011fi\u015fimi ile y\u0131k\u0131labilir? Evet maalesef \u00f6yle, \u0130klim de\u011fi\u015fimi D\u00fcnya K\u00fclt\u00fcr Miraslar\u0131m\u0131z\u0131 da tehdit ediyor. Asl\u0131nda her \u015feyi etkiledi\u011fi gibi tarihimizi etkilemesi de \u00e7ok do\u011fal. An\u0131lar, hat\u0131ralar, ya\u015fanm\u0131\u015fl\u0131klar bizi biz yap\u0131yor, nas\u0131l ders \u00e7\u0131kart\u0131rsan \u00e7\u0131kart, ruhunu nas\u0131l e\u011fitirsen e\u011fit, ama \u00e7ok \u00f6nemli. Tarihin [&hellip;]","og_url":"https:\/\/www.unicosigorta.com.tr\/blog\/iklim-degisiminden-dunya-miraslarina-dunya-miraslarindan-iklim-degisimlerine-baglanti\/","article_published_time":"2021-09-05T11:23:00+00:00","article_modified_time":"2024-02-20T11:37:23+00:00","og_image":[{"width":750,"height":515,"url":"https:\/\/www.unicosigorta.com.tr\/blog\/dosyalar\/2018\/05\/O\u0308zgu\u0308rlu\u0308k-Heykeli.png","type":"image\/png"}],"author":"unico admin","twitter_card":"summary_large_image","twitter_misc":{"Yazan:":"unico admin","Tahmini okuma s\u00fcresi":"7 dakika"},"schema":{"@context":"https:\/\/schema.org","@graph":[{"@type":"Article","@id":"https:\/\/www.unicosigorta.com.tr\/blog\/iklim-degisiminden-dunya-miraslarina-dunya-miraslarindan-iklim-degisimlerine-baglanti\/#article","isPartOf":{"@id":"https:\/\/www.unicosigorta.com.tr\/blog\/iklim-degisiminden-dunya-miraslarina-dunya-miraslarindan-iklim-degisimlerine-baglanti\/"},"author":{"name":"unico admin","@id":"https:\/\/www.unicosigorta.com.tr\/blog\/#\/schema\/person\/faa75dc878ba719bed926ac4ec1f1e7b"},"headline":"\u0130klim De\u011fi\u015fiminden D\u00fcnya Miraslar\u0131na, D\u00fcnya Miraslar\u0131ndan \u0130klim De\u011fi\u015fimlerine Ba\u011flant\u0131","datePublished":"2021-09-05T11:23:00+00:00","dateModified":"2024-02-20T11:37:23+00:00","mainEntityOfPage":{"@id":"https:\/\/www.unicosigorta.com.tr\/blog\/iklim-degisiminden-dunya-miraslarina-dunya-miraslarindan-iklim-degisimlerine-baglanti\/"},"wordCount":1386,"commentCount":0,"publisher":{"@id":"https:\/\/www.unicosigorta.com.tr\/blog\/#organization"},"image":{"@id":"https:\/\/www.unicosigorta.com.tr\/blog\/iklim-degisiminden-dunya-miraslarina-dunya-miraslarindan-iklim-degisimlerine-baglanti\/#primaryimage"},"thumbnailUrl":"https:\/\/www.unicosigorta.com.tr\/blog\/dosyalar\/2018\/05\/O\u0308zgu\u0308rlu\u0308k-Heykeli.png","articleSection":["G\u00fcncel Hava Olaylar\u0131"],"inLanguage":"tr","potentialAction":[{"@type":"CommentAction","name":"Comment","target":["https:\/\/www.unicosigorta.com.tr\/blog\/iklim-degisiminden-dunya-miraslarina-dunya-miraslarindan-iklim-degisimlerine-baglanti\/#respond"]}]},{"@type":"WebPage","@id":"https:\/\/www.unicosigorta.com.tr\/blog\/iklim-degisiminden-dunya-miraslarina-dunya-miraslarindan-iklim-degisimlerine-baglanti\/","url":"https:\/\/www.unicosigorta.com.tr\/blog\/iklim-degisiminden-dunya-miraslarina-dunya-miraslarindan-iklim-degisimlerine-baglanti\/","name":"\u0130klim De\u011fi\u015fiminden D\u00fcnya Miraslar\u0131na, D\u00fcnya Miraslar\u0131ndan \u0130klim De\u011fi\u015fimlerine Ba\u011flant\u0131 -","isPartOf":{"@id":"https:\/\/www.unicosigorta.com.tr\/blog\/#website"},"primaryImageOfPage":{"@id":"https:\/\/www.unicosigorta.com.tr\/blog\/iklim-degisiminden-dunya-miraslarina-dunya-miraslarindan-iklim-degisimlerine-baglanti\/#primaryimage"},"image":{"@id":"https:\/\/www.unicosigorta.com.tr\/blog\/iklim-degisiminden-dunya-miraslarina-dunya-miraslarindan-iklim-degisimlerine-baglanti\/#primaryimage"},"thumbnailUrl":"https:\/\/www.unicosigorta.com.tr\/blog\/dosyalar\/2018\/05\/O\u0308zgu\u0308rlu\u0308k-Heykeli.png","datePublished":"2021-09-05T11:23:00+00:00","dateModified":"2024-02-20T11:37:23+00:00","breadcrumb":{"@id":"https:\/\/www.unicosigorta.com.tr\/blog\/iklim-degisiminden-dunya-miraslarina-dunya-miraslarindan-iklim-degisimlerine-baglanti\/#breadcrumb"},"inLanguage":"tr","potentialAction":[{"@type":"ReadAction","target":["https:\/\/www.unicosigorta.com.tr\/blog\/iklim-degisiminden-dunya-miraslarina-dunya-miraslarindan-iklim-degisimlerine-baglanti\/"]}]},{"@type":"ImageObject","inLanguage":"tr","@id":"https:\/\/www.unicosigorta.com.tr\/blog\/iklim-degisiminden-dunya-miraslarina-dunya-miraslarindan-iklim-degisimlerine-baglanti\/#primaryimage","url":"https:\/\/www.unicosigorta.com.tr\/blog\/dosyalar\/2018\/05\/O\u0308zgu\u0308rlu\u0308k-Heykeli.png","contentUrl":"https:\/\/www.unicosigorta.com.tr\/blog\/dosyalar\/2018\/05\/O\u0308zgu\u0308rlu\u0308k-Heykeli.png","width":750,"height":515},{"@type":"BreadcrumbList","@id":"https:\/\/www.unicosigorta.com.tr\/blog\/iklim-degisiminden-dunya-miraslarina-dunya-miraslarindan-iklim-degisimlerine-baglanti\/#breadcrumb","itemListElement":[{"@type":"ListItem","position":1,"name":"Ana sayfa","item":"https:\/\/www.unicosigorta.com.tr\/blog\/"},{"@type":"ListItem","position":2,"name":"\u0130klim De\u011fi\u015fiminden D\u00fcnya Miraslar\u0131na, D\u00fcnya Miraslar\u0131ndan \u0130klim De\u011fi\u015fimlerine Ba\u011flant\u0131"}]},{"@type":"WebSite","@id":"https:\/\/www.unicosigorta.com.tr\/blog\/#website","url":"https:\/\/www.unicosigorta.com.tr\/blog\/","name":"Unico Blog","description":"De\u011ferini Bilir, G\u00fcven Verir.","publisher":{"@id":"https:\/\/www.unicosigorta.com.tr\/blog\/#organization"},"potentialAction":[{"@type":"SearchAction","target":{"@type":"EntryPoint","urlTemplate":"https:\/\/www.unicosigorta.com.tr\/blog\/?s={search_term_string}"},"query-input":{"@type":"PropertyValueSpecification","valueRequired":true,"valueName":"search_term_string"}}],"inLanguage":"tr"},{"@type":"Organization","@id":"https:\/\/www.unicosigorta.com.tr\/blog\/#organization","name":"Unico Blog","url":"https:\/\/www.unicosigorta.com.tr\/blog\/","logo":{"@type":"ImageObject","inLanguage":"tr","@id":"https:\/\/www.unicosigorta.com.tr\/blog\/#\/schema\/logo\/image\/","url":"https:\/\/www.unicosigorta.com.tr\/blog\/dosyalar\/2025\/10\/cropped-uni-logo-2.jpg","contentUrl":"https:\/\/www.unicosigorta.com.tr\/blog\/dosyalar\/2025\/10\/cropped-uni-logo-2.jpg","width":512,"height":512,"caption":"Unico Blog"},"image":{"@id":"https:\/\/www.unicosigorta.com.tr\/blog\/#\/schema\/logo\/image\/"}},{"@type":"Person","@id":"https:\/\/www.unicosigorta.com.tr\/blog\/#\/schema\/person\/faa75dc878ba719bed926ac4ec1f1e7b","name":"unico admin","image":{"@type":"ImageObject","inLanguage":"tr","@id":"https:\/\/www.unicosigorta.com.tr\/blog\/#\/schema\/person\/image\/","url":"https:\/\/secure.gravatar.com\/avatar\/7145c29f894383f262f7ace34e6cb9f51610af77b8f646597b6ffaca67953489?s=96&d=mm&r=g","contentUrl":"https:\/\/secure.gravatar.com\/avatar\/7145c29f894383f262f7ace34e6cb9f51610af77b8f646597b6ffaca67953489?s=96&d=mm&r=g","caption":"unico admin"},"url":"https:\/\/www.unicosigorta.com.tr\/blog\/author\/unicoadmin\/"}]}},"views":4215,"_links":{"self":[{"href":"https:\/\/www.unicosigorta.com.tr\/blog\/wp-json\/wp\/v2\/posts\/620","targetHints":{"allow":["GET"]}}],"collection":[{"href":"https:\/\/www.unicosigorta.com.tr\/blog\/wp-json\/wp\/v2\/posts"}],"about":[{"href":"https:\/\/www.unicosigorta.com.tr\/blog\/wp-json\/wp\/v2\/types\/post"}],"author":[{"embeddable":true,"href":"https:\/\/www.unicosigorta.com.tr\/blog\/wp-json\/wp\/v2\/users\/3"}],"replies":[{"embeddable":true,"href":"https:\/\/www.unicosigorta.com.tr\/blog\/wp-json\/wp\/v2\/comments?post=620"}],"version-history":[{"count":0,"href":"https:\/\/www.unicosigorta.com.tr\/blog\/wp-json\/wp\/v2\/posts\/620\/revisions"}],"wp:featuredmedia":[{"embeddable":true,"href":"https:\/\/www.unicosigorta.com.tr\/blog\/wp-json\/wp\/v2\/media\/625"}],"wp:attachment":[{"href":"https:\/\/www.unicosigorta.com.tr\/blog\/wp-json\/wp\/v2\/media?parent=620"}],"wp:term":[{"taxonomy":"category","embeddable":true,"href":"https:\/\/www.unicosigorta.com.tr\/blog\/wp-json\/wp\/v2\/categories?post=620"},{"taxonomy":"post_tag","embeddable":true,"href":"https:\/\/www.unicosigorta.com.tr\/blog\/wp-json\/wp\/v2\/tags?post=620"}],"curies":[{"name":"wp","href":"https:\/\/api.w.org\/{rel}","templated":true}]}}