{"id":638,"date":"2018-05-29T13:54:49","date_gmt":"2018-05-29T10:54:49","guid":{"rendered":"https:\/\/www.unicosigorta.com.tr\/blog\/?p=638"},"modified":"2018-10-17T16:20:17","modified_gmt":"2018-10-17T13:20:17","slug":"bunyamin-surmeliden-28-mayis-03-haziran-hava-durumu-tahmini","status":"publish","type":"post","link":"https:\/\/www.unicosigorta.com.tr\/blog\/bunyamin-surmeliden-28-mayis-03-haziran-hava-durumu-tahmini\/","title":{"rendered":"B\u00fcnyamin S\u00fcrmeli&#8217;den 28 May\u0131s &#8211; 03 Haziran Hava Durumu Tahmini"},"content":{"rendered":"<div>Herkese iyi haftalar,<\/div>\n<div><\/div>\n<div>S\u0131k\u0131nt\u0131l\u0131 bir haftaya ba\u015flad\u0131k, yurdun b\u00fcy\u00fck bir k\u0131sm\u0131nda ya\u011f\u0131\u015f bekliyoruz. Beklenen ya\u011fmur y\u0131ld\u0131r\u0131m, sel ve su bask\u0131n\u0131 tehlikesi ve dolu riski ta\u015f\u0131yor!<\/div>\n<div>Orta ve Bat\u0131 b\u00f6lgeler ba\u015fta olmak \u00fczere yo\u011fun ya\u011fmur ve sel riski var, ya\u011f\u0131\u015flar bu hafta \u0130\u00e7 Anadolu, Karadeniz, Ege ve G\u00fcney Marmara\u2019da kendini g\u00f6sterecek.<\/div>\n<div>Ba\u015fkent \u00e7evrelerinde K\u0131r\u0131kkale, Amasya, \u00c7orum, Sivas\u2019a do\u011fru, Yozgat \u00e7evreleri, buralar\u0131n kuzeyi, Kastamonu\u2019nun g\u00fcneyi, Bolu \u00e7evreleri i\u00e7in birka\u00e7 g\u00fcn daha sel tehlikesi s\u00fcr\u00fcyor. Ayr\u0131ca g\u00fcneyde Denizli, Mu\u011fla, Afyon dolaylar\u0131nda \u00a0a\u011f\u0131r ya\u011f\u0131\u015f sebebiyle sel ve su bas\u0131n\u0131 ve dolu bekleniyor. s<\/div>\n<div>Bu y\u00f6relerde seyahat edeceklere dikkat! Yo\u011fun ya\u011f\u0131\u015fa kar\u015f\u0131 donan\u0131mlar mutlaka arac\u0131n\u0131zda olsun ve yola \u00e7\u0131kmadan b\u00f6lgesel olarak hava durumunundan mutlaka haberdar olun.<\/div>\n<div><\/div>\n<div>Karadeniz\u2019in do\u011fusunda Cuma ve Cumartesi kuvvetli g\u00f6k sa\u011fanak ya\u011f\u0131\u015f bekleniyor. Do\u011fu Karadeniz\u2019de ya\u011f\u0131\u015fa doyan toprak sebebiyle bu b\u00f6lgede bir de ekstra sel ile birlikte heyelan tehlikesi var.<\/div>\n<div>\n<div>Do\u011fu Anadolu kuvvetli sa\u011fanaklar alacak, G\u00fcney Do\u011fu ve Akdeniz b\u00f6lgesel olarak \u0131slan\u0131yor. Sal\u0131\u2019dan itibaren ya\u011f\u0131\u015f bu b\u00f6lgelerde g\u00f6r\u00fcnecek ard\u0131ndan g\u00f6kg\u00fcr\u00fclt\u00fcl\u00fc sa\u011fanak ile ya\u011f\u0131\u015flar \u00f6mr\u00fcn\u00fc tamamlayacak.<\/div>\n<\/div>\n<div>\n<div>Karadeniz\u2019in do\u011fusu Cuma ve Cumartesi kuvvetli g\u00f6k sa\u011fanak ya\u011f\u0131\u015f bekleniyor. Do\u011fu Karadeniz\u2019de heyelan ve sel tehlikesi var, dikkat!<\/div>\n<div><\/div>\n<\/div>\n<div>\u0130stanbul \u00f6zelinde ise bug\u00fcn kuvvetli g\u00f6k g\u00fcr\u00fclt\u00fcl\u00fc sa\u011fanak ya\u011f\u0131\u015f beklentisi var ancak Per\u015fembe ve Cuma\u2019dan itibaren hava a\u00e7\u0131yor ve s\u0131cakl\u0131klar t\u0131rman\u0131yor.<\/div>\n<div>\u00dclke genelinde ise yaz ne zaman gelecek sorular\u0131na yan\u0131t\u0131m\u0131z ise, yaz mevsiminde gelecek! Haziran\u2019\u0131n 5\u2019inden itibaren yurdun genelinde s\u0131caklar ba\u015fl\u0131yor, beklenen yaz geliyor!<iframe loading=\"lazy\" title=\"B\u00fcnyamin S\u00fcrmeli&#039;den 28 May\u0131s - 03 Haziran Hava Durumu Tahmini\" width=\"640\" height=\"360\" src=\"https:\/\/www.youtube.com\/embed\/gw0ls3CEUBQ?feature=oembed\" frameborder=\"0\" allow=\"accelerometer; autoplay; clipboard-write; encrypted-media; gyroscope; picture-in-picture; web-share\" referrerpolicy=\"strict-origin-when-cross-origin\" allowfullscreen><\/iframe><\/p>\n<\/div>\n","protected":false},"excerpt":{"rendered":"<p>Herkese iyi haftalar, S\u0131k\u0131nt\u0131l\u0131 bir haftaya ba\u015flad\u0131k, yurdun b\u00fcy\u00fck bir k\u0131sm\u0131nda ya\u011f\u0131\u015f bekliyoruz. Beklenen ya\u011fmur y\u0131ld\u0131r\u0131m, sel ve su bask\u0131n\u0131 tehlikesi ve dolu riski ta\u015f\u0131yor! Orta ve Bat\u0131 b\u00f6lgeler ba\u015fta olmak \u00fczere yo\u011fun ya\u011fmur ve sel riski var, ya\u011f\u0131\u015flar bu hafta \u0130\u00e7 Anadolu, Karadeniz, Ege ve G\u00fcney Marmara\u2019da kendini g\u00f6sterecek. Ba\u015fkent \u00e7evrelerinde K\u0131r\u0131kkale, Amasya, \u00c7orum, [&hellip;]<\/p>\n","protected":false},"author":3,"featured_media":639,"comment_status":"open","ping_status":"open","sticky":false,"template":"","format":"standard","meta":{"_acf_changed":false,"amp_status":"","footnotes":"","_links_to":"","_links_to_target":""},"categories":[10],"tags":[],"class_list":["post-638","post","type-post","status-publish","format-standard","has-post-thumbnail","hentry","category-guncel-hava-olaylari"],"acf":[],"yoast_head":"<!-- This site is optimized with the Yoast SEO plugin v26.6 - https:\/\/yoast.com\/wordpress\/plugins\/seo\/ -->\n<title>B\u00fcnyamin S\u00fcrmeli&#039;den 28 May\u0131s - 03 Haziran Hava Durumu Tahmini -<\/title>\n<meta name=\"robots\" content=\"index, follow, max-snippet:-1, max-image-preview:large, max-video-preview:-1\" \/>\n<link rel=\"canonical\" href=\"https:\/\/www.unicosigorta.com.tr\/blog\/bunyamin-surmeliden-28-mayis-03-haziran-hava-durumu-tahmini\/\" \/>\n<meta property=\"og:locale\" content=\"tr_TR\" \/>\n<meta property=\"og:type\" content=\"article\" \/>\n<meta property=\"og:title\" content=\"B\u00fcnyamin S\u00fcrmeli&#039;den 28 May\u0131s - 03 Haziran Hava Durumu Tahmini -\" \/>\n<meta property=\"og:description\" content=\"Herkese iyi haftalar, S\u0131k\u0131nt\u0131l\u0131 bir haftaya ba\u015flad\u0131k, yurdun b\u00fcy\u00fck bir k\u0131sm\u0131nda ya\u011f\u0131\u015f bekliyoruz. Beklenen ya\u011fmur y\u0131ld\u0131r\u0131m, sel ve su bask\u0131n\u0131 tehlikesi ve dolu riski ta\u015f\u0131yor! Orta ve Bat\u0131 b\u00f6lgeler ba\u015fta olmak \u00fczere yo\u011fun ya\u011fmur ve sel riski var, ya\u011f\u0131\u015flar bu hafta \u0130\u00e7 Anadolu, Karadeniz, Ege ve G\u00fcney Marmara\u2019da kendini g\u00f6sterecek. Ba\u015fkent \u00e7evrelerinde K\u0131r\u0131kkale, Amasya, \u00c7orum, [&hellip;]\" \/>\n<meta property=\"og:url\" content=\"https:\/\/www.unicosigorta.com.tr\/blog\/bunyamin-surmeliden-28-mayis-03-haziran-hava-durumu-tahmini\/\" \/>\n<meta property=\"article:published_time\" content=\"2018-05-29T10:54:49+00:00\" \/>\n<meta property=\"article:modified_time\" content=\"2018-10-17T13:20:17+00:00\" \/>\n<meta property=\"og:image\" content=\"https:\/\/www.unicosigorta.com.tr\/blog\/dosyalar\/2018\/05\/Screenshot-at-May-29-13-51-00-kopya.jpg\" \/>\n\t<meta property=\"og:image:width\" content=\"2618\" \/>\n\t<meta property=\"og:image:height\" content=\"1428\" \/>\n\t<meta property=\"og:image:type\" content=\"image\/jpeg\" \/>\n<meta name=\"author\" content=\"unico admin\" \/>\n<meta name=\"twitter:card\" content=\"summary_large_image\" \/>\n<meta name=\"twitter:label1\" content=\"Yazan:\" \/>\n\t<meta name=\"twitter:data1\" content=\"unico admin\" \/>\n\t<meta name=\"twitter:label2\" content=\"Tahmini okuma s\u00fcresi\" \/>\n\t<meta name=\"twitter:data2\" content=\"2 dakika\" \/>\n<script type=\"application\/ld+json\" class=\"yoast-schema-graph\">{\"@context\":\"https:\/\/schema.org\",\"@graph\":[{\"@type\":\"Article\",\"@id\":\"https:\/\/www.unicosigorta.com.tr\/blog\/bunyamin-surmeliden-28-mayis-03-haziran-hava-durumu-tahmini\/#article\",\"isPartOf\":{\"@id\":\"https:\/\/www.unicosigorta.com.tr\/blog\/bunyamin-surmeliden-28-mayis-03-haziran-hava-durumu-tahmini\/\"},\"author\":{\"name\":\"unico admin\",\"@id\":\"https:\/\/www.unicosigorta.com.tr\/blog\/#\/schema\/person\/faa75dc878ba719bed926ac4ec1f1e7b\"},\"headline\":\"B\u00fcnyamin S\u00fcrmeli&#8217;den 28 May\u0131s &#8211; 03 Haziran Hava Durumu Tahmini\",\"datePublished\":\"2018-05-29T10:54:49+00:00\",\"dateModified\":\"2018-10-17T13:20:17+00:00\",\"mainEntityOfPage\":{\"@id\":\"https:\/\/www.unicosigorta.com.tr\/blog\/bunyamin-surmeliden-28-mayis-03-haziran-hava-durumu-tahmini\/\"},\"wordCount\":345,\"commentCount\":0,\"publisher\":{\"@id\":\"https:\/\/www.unicosigorta.com.tr\/blog\/#organization\"},\"image\":{\"@id\":\"https:\/\/www.unicosigorta.com.tr\/blog\/bunyamin-surmeliden-28-mayis-03-haziran-hava-durumu-tahmini\/#primaryimage\"},\"thumbnailUrl\":\"https:\/\/www.unicosigorta.com.tr\/blog\/dosyalar\/2018\/05\/Screenshot-at-May-29-13-51-00-kopya.jpg\",\"articleSection\":[\"G\u00fcncel Hava Olaylar\u0131\"],\"inLanguage\":\"tr\",\"potentialAction\":[{\"@type\":\"CommentAction\",\"name\":\"Comment\",\"target\":[\"https:\/\/www.unicosigorta.com.tr\/blog\/bunyamin-surmeliden-28-mayis-03-haziran-hava-durumu-tahmini\/#respond\"]}]},{\"@type\":\"WebPage\",\"@id\":\"https:\/\/www.unicosigorta.com.tr\/blog\/bunyamin-surmeliden-28-mayis-03-haziran-hava-durumu-tahmini\/\",\"url\":\"https:\/\/www.unicosigorta.com.tr\/blog\/bunyamin-surmeliden-28-mayis-03-haziran-hava-durumu-tahmini\/\",\"name\":\"B\u00fcnyamin S\u00fcrmeli'den 28 May\u0131s - 03 Haziran Hava Durumu Tahmini -\",\"isPartOf\":{\"@id\":\"https:\/\/www.unicosigorta.com.tr\/blog\/#website\"},\"primaryImageOfPage\":{\"@id\":\"https:\/\/www.unicosigorta.com.tr\/blog\/bunyamin-surmeliden-28-mayis-03-haziran-hava-durumu-tahmini\/#primaryimage\"},\"image\":{\"@id\":\"https:\/\/www.unicosigorta.com.tr\/blog\/bunyamin-surmeliden-28-mayis-03-haziran-hava-durumu-tahmini\/#primaryimage\"},\"thumbnailUrl\":\"https:\/\/www.unicosigorta.com.tr\/blog\/dosyalar\/2018\/05\/Screenshot-at-May-29-13-51-00-kopya.jpg\",\"datePublished\":\"2018-05-29T10:54:49+00:00\",\"dateModified\":\"2018-10-17T13:20:17+00:00\",\"breadcrumb\":{\"@id\":\"https:\/\/www.unicosigorta.com.tr\/blog\/bunyamin-surmeliden-28-mayis-03-haziran-hava-durumu-tahmini\/#breadcrumb\"},\"inLanguage\":\"tr\",\"potentialAction\":[{\"@type\":\"ReadAction\",\"target\":[\"https:\/\/www.unicosigorta.com.tr\/blog\/bunyamin-surmeliden-28-mayis-03-haziran-hava-durumu-tahmini\/\"]}]},{\"@type\":\"ImageObject\",\"inLanguage\":\"tr\",\"@id\":\"https:\/\/www.unicosigorta.com.tr\/blog\/bunyamin-surmeliden-28-mayis-03-haziran-hava-durumu-tahmini\/#primaryimage\",\"url\":\"https:\/\/www.unicosigorta.com.tr\/blog\/dosyalar\/2018\/05\/Screenshot-at-May-29-13-51-00-kopya.jpg\",\"contentUrl\":\"https:\/\/www.unicosigorta.com.tr\/blog\/dosyalar\/2018\/05\/Screenshot-at-May-29-13-51-00-kopya.jpg\",\"width\":2618,\"height\":1428},{\"@type\":\"BreadcrumbList\",\"@id\":\"https:\/\/www.unicosigorta.com.tr\/blog\/bunyamin-surmeliden-28-mayis-03-haziran-hava-durumu-tahmini\/#breadcrumb\",\"itemListElement\":[{\"@type\":\"ListItem\",\"position\":1,\"name\":\"Ana sayfa\",\"item\":\"https:\/\/www.unicosigorta.com.tr\/blog\/\"},{\"@type\":\"ListItem\",\"position\":2,\"name\":\"B\u00fcnyamin S\u00fcrmeli&#8217;den 28 May\u0131s &#8211; 03 Haziran Hava Durumu Tahmini\"}]},{\"@type\":\"WebSite\",\"@id\":\"https:\/\/www.unicosigorta.com.tr\/blog\/#website\",\"url\":\"https:\/\/www.unicosigorta.com.tr\/blog\/\",\"name\":\"Unico Blog\",\"description\":\"De\u011ferini Bilir, G\u00fcven Verir.\",\"publisher\":{\"@id\":\"https:\/\/www.unicosigorta.com.tr\/blog\/#organization\"},\"potentialAction\":[{\"@type\":\"SearchAction\",\"target\":{\"@type\":\"EntryPoint\",\"urlTemplate\":\"https:\/\/www.unicosigorta.com.tr\/blog\/?s={search_term_string}\"},\"query-input\":{\"@type\":\"PropertyValueSpecification\",\"valueRequired\":true,\"valueName\":\"search_term_string\"}}],\"inLanguage\":\"tr\"},{\"@type\":\"Organization\",\"@id\":\"https:\/\/www.unicosigorta.com.tr\/blog\/#organization\",\"name\":\"Unico Blog\",\"url\":\"https:\/\/www.unicosigorta.com.tr\/blog\/\",\"logo\":{\"@type\":\"ImageObject\",\"inLanguage\":\"tr\",\"@id\":\"https:\/\/www.unicosigorta.com.tr\/blog\/#\/schema\/logo\/image\/\",\"url\":\"https:\/\/www.unicosigorta.com.tr\/blog\/dosyalar\/2025\/10\/cropped-uni-logo-2.jpg\",\"contentUrl\":\"https:\/\/www.unicosigorta.com.tr\/blog\/dosyalar\/2025\/10\/cropped-uni-logo-2.jpg\",\"width\":512,\"height\":512,\"caption\":\"Unico Blog\"},\"image\":{\"@id\":\"https:\/\/www.unicosigorta.com.tr\/blog\/#\/schema\/logo\/image\/\"}},{\"@type\":\"Person\",\"@id\":\"https:\/\/www.unicosigorta.com.tr\/blog\/#\/schema\/person\/faa75dc878ba719bed926ac4ec1f1e7b\",\"name\":\"unico admin\",\"image\":{\"@type\":\"ImageObject\",\"inLanguage\":\"tr\",\"@id\":\"https:\/\/www.unicosigorta.com.tr\/blog\/#\/schema\/person\/image\/\",\"url\":\"https:\/\/secure.gravatar.com\/avatar\/7145c29f894383f262f7ace34e6cb9f51610af77b8f646597b6ffaca67953489?s=96&d=mm&r=g\",\"contentUrl\":\"https:\/\/secure.gravatar.com\/avatar\/7145c29f894383f262f7ace34e6cb9f51610af77b8f646597b6ffaca67953489?s=96&d=mm&r=g\",\"caption\":\"unico admin\"},\"url\":\"https:\/\/www.unicosigorta.com.tr\/blog\/author\/unicoadmin\/\"}]}<\/script>\n<!-- \/ Yoast SEO plugin. -->","yoast_head_json":{"title":"B\u00fcnyamin S\u00fcrmeli'den 28 May\u0131s - 03 Haziran Hava Durumu Tahmini -","robots":{"index":"index","follow":"follow","max-snippet":"max-snippet:-1","max-image-preview":"max-image-preview:large","max-video-preview":"max-video-preview:-1"},"canonical":"https:\/\/www.unicosigorta.com.tr\/blog\/bunyamin-surmeliden-28-mayis-03-haziran-hava-durumu-tahmini\/","og_locale":"tr_TR","og_type":"article","og_title":"B\u00fcnyamin S\u00fcrmeli'den 28 May\u0131s - 03 Haziran Hava Durumu Tahmini -","og_description":"Herkese iyi haftalar, S\u0131k\u0131nt\u0131l\u0131 bir haftaya ba\u015flad\u0131k, yurdun b\u00fcy\u00fck bir k\u0131sm\u0131nda ya\u011f\u0131\u015f bekliyoruz. Beklenen ya\u011fmur y\u0131ld\u0131r\u0131m, sel ve su bask\u0131n\u0131 tehlikesi ve dolu riski ta\u015f\u0131yor! Orta ve Bat\u0131 b\u00f6lgeler ba\u015fta olmak \u00fczere yo\u011fun ya\u011fmur ve sel riski var, ya\u011f\u0131\u015flar bu hafta \u0130\u00e7 Anadolu, Karadeniz, Ege ve G\u00fcney Marmara\u2019da kendini g\u00f6sterecek. Ba\u015fkent \u00e7evrelerinde K\u0131r\u0131kkale, Amasya, \u00c7orum, [&hellip;]","og_url":"https:\/\/www.unicosigorta.com.tr\/blog\/bunyamin-surmeliden-28-mayis-03-haziran-hava-durumu-tahmini\/","article_published_time":"2018-05-29T10:54:49+00:00","article_modified_time":"2018-10-17T13:20:17+00:00","og_image":[{"width":2618,"height":1428,"url":"https:\/\/www.unicosigorta.com.tr\/blog\/dosyalar\/2018\/05\/Screenshot-at-May-29-13-51-00-kopya.jpg","type":"image\/jpeg"}],"author":"unico admin","twitter_card":"summary_large_image","twitter_misc":{"Yazan:":"unico admin","Tahmini okuma s\u00fcresi":"2 dakika"},"schema":{"@context":"https:\/\/schema.org","@graph":[{"@type":"Article","@id":"https:\/\/www.unicosigorta.com.tr\/blog\/bunyamin-surmeliden-28-mayis-03-haziran-hava-durumu-tahmini\/#article","isPartOf":{"@id":"https:\/\/www.unicosigorta.com.tr\/blog\/bunyamin-surmeliden-28-mayis-03-haziran-hava-durumu-tahmini\/"},"author":{"name":"unico admin","@id":"https:\/\/www.unicosigorta.com.tr\/blog\/#\/schema\/person\/faa75dc878ba719bed926ac4ec1f1e7b"},"headline":"B\u00fcnyamin S\u00fcrmeli&#8217;den 28 May\u0131s &#8211; 03 Haziran Hava Durumu Tahmini","datePublished":"2018-05-29T10:54:49+00:00","dateModified":"2018-10-17T13:20:17+00:00","mainEntityOfPage":{"@id":"https:\/\/www.unicosigorta.com.tr\/blog\/bunyamin-surmeliden-28-mayis-03-haziran-hava-durumu-tahmini\/"},"wordCount":345,"commentCount":0,"publisher":{"@id":"https:\/\/www.unicosigorta.com.tr\/blog\/#organization"},"image":{"@id":"https:\/\/www.unicosigorta.com.tr\/blog\/bunyamin-surmeliden-28-mayis-03-haziran-hava-durumu-tahmini\/#primaryimage"},"thumbnailUrl":"https:\/\/www.unicosigorta.com.tr\/blog\/dosyalar\/2018\/05\/Screenshot-at-May-29-13-51-00-kopya.jpg","articleSection":["G\u00fcncel Hava Olaylar\u0131"],"inLanguage":"tr","potentialAction":[{"@type":"CommentAction","name":"Comment","target":["https:\/\/www.unicosigorta.com.tr\/blog\/bunyamin-surmeliden-28-mayis-03-haziran-hava-durumu-tahmini\/#respond"]}]},{"@type":"WebPage","@id":"https:\/\/www.unicosigorta.com.tr\/blog\/bunyamin-surmeliden-28-mayis-03-haziran-hava-durumu-tahmini\/","url":"https:\/\/www.unicosigorta.com.tr\/blog\/bunyamin-surmeliden-28-mayis-03-haziran-hava-durumu-tahmini\/","name":"B\u00fcnyamin S\u00fcrmeli'den 28 May\u0131s - 03 Haziran Hava Durumu Tahmini -","isPartOf":{"@id":"https:\/\/www.unicosigorta.com.tr\/blog\/#website"},"primaryImageOfPage":{"@id":"https:\/\/www.unicosigorta.com.tr\/blog\/bunyamin-surmeliden-28-mayis-03-haziran-hava-durumu-tahmini\/#primaryimage"},"image":{"@id":"https:\/\/www.unicosigorta.com.tr\/blog\/bunyamin-surmeliden-28-mayis-03-haziran-hava-durumu-tahmini\/#primaryimage"},"thumbnailUrl":"https:\/\/www.unicosigorta.com.tr\/blog\/dosyalar\/2018\/05\/Screenshot-at-May-29-13-51-00-kopya.jpg","datePublished":"2018-05-29T10:54:49+00:00","dateModified":"2018-10-17T13:20:17+00:00","breadcrumb":{"@id":"https:\/\/www.unicosigorta.com.tr\/blog\/bunyamin-surmeliden-28-mayis-03-haziran-hava-durumu-tahmini\/#breadcrumb"},"inLanguage":"tr","potentialAction":[{"@type":"ReadAction","target":["https:\/\/www.unicosigorta.com.tr\/blog\/bunyamin-surmeliden-28-mayis-03-haziran-hava-durumu-tahmini\/"]}]},{"@type":"ImageObject","inLanguage":"tr","@id":"https:\/\/www.unicosigorta.com.tr\/blog\/bunyamin-surmeliden-28-mayis-03-haziran-hava-durumu-tahmini\/#primaryimage","url":"https:\/\/www.unicosigorta.com.tr\/blog\/dosyalar\/2018\/05\/Screenshot-at-May-29-13-51-00-kopya.jpg","contentUrl":"https:\/\/www.unicosigorta.com.tr\/blog\/dosyalar\/2018\/05\/Screenshot-at-May-29-13-51-00-kopya.jpg","width":2618,"height":1428},{"@type":"BreadcrumbList","@id":"https:\/\/www.unicosigorta.com.tr\/blog\/bunyamin-surmeliden-28-mayis-03-haziran-hava-durumu-tahmini\/#breadcrumb","itemListElement":[{"@type":"ListItem","position":1,"name":"Ana sayfa","item":"https:\/\/www.unicosigorta.com.tr\/blog\/"},{"@type":"ListItem","position":2,"name":"B\u00fcnyamin S\u00fcrmeli&#8217;den 28 May\u0131s &#8211; 03 Haziran Hava Durumu Tahmini"}]},{"@type":"WebSite","@id":"https:\/\/www.unicosigorta.com.tr\/blog\/#website","url":"https:\/\/www.unicosigorta.com.tr\/blog\/","name":"Unico Blog","description":"De\u011ferini Bilir, G\u00fcven Verir.","publisher":{"@id":"https:\/\/www.unicosigorta.com.tr\/blog\/#organization"},"potentialAction":[{"@type":"SearchAction","target":{"@type":"EntryPoint","urlTemplate":"https:\/\/www.unicosigorta.com.tr\/blog\/?s={search_term_string}"},"query-input":{"@type":"PropertyValueSpecification","valueRequired":true,"valueName":"search_term_string"}}],"inLanguage":"tr"},{"@type":"Organization","@id":"https:\/\/www.unicosigorta.com.tr\/blog\/#organization","name":"Unico Blog","url":"https:\/\/www.unicosigorta.com.tr\/blog\/","logo":{"@type":"ImageObject","inLanguage":"tr","@id":"https:\/\/www.unicosigorta.com.tr\/blog\/#\/schema\/logo\/image\/","url":"https:\/\/www.unicosigorta.com.tr\/blog\/dosyalar\/2025\/10\/cropped-uni-logo-2.jpg","contentUrl":"https:\/\/www.unicosigorta.com.tr\/blog\/dosyalar\/2025\/10\/cropped-uni-logo-2.jpg","width":512,"height":512,"caption":"Unico Blog"},"image":{"@id":"https:\/\/www.unicosigorta.com.tr\/blog\/#\/schema\/logo\/image\/"}},{"@type":"Person","@id":"https:\/\/www.unicosigorta.com.tr\/blog\/#\/schema\/person\/faa75dc878ba719bed926ac4ec1f1e7b","name":"unico admin","image":{"@type":"ImageObject","inLanguage":"tr","@id":"https:\/\/www.unicosigorta.com.tr\/blog\/#\/schema\/person\/image\/","url":"https:\/\/secure.gravatar.com\/avatar\/7145c29f894383f262f7ace34e6cb9f51610af77b8f646597b6ffaca67953489?s=96&d=mm&r=g","contentUrl":"https:\/\/secure.gravatar.com\/avatar\/7145c29f894383f262f7ace34e6cb9f51610af77b8f646597b6ffaca67953489?s=96&d=mm&r=g","caption":"unico admin"},"url":"https:\/\/www.unicosigorta.com.tr\/blog\/author\/unicoadmin\/"}]}},"views":3937,"_links":{"self":[{"href":"https:\/\/www.unicosigorta.com.tr\/blog\/wp-json\/wp\/v2\/posts\/638","targetHints":{"allow":["GET"]}}],"collection":[{"href":"https:\/\/www.unicosigorta.com.tr\/blog\/wp-json\/wp\/v2\/posts"}],"about":[{"href":"https:\/\/www.unicosigorta.com.tr\/blog\/wp-json\/wp\/v2\/types\/post"}],"author":[{"embeddable":true,"href":"https:\/\/www.unicosigorta.com.tr\/blog\/wp-json\/wp\/v2\/users\/3"}],"replies":[{"embeddable":true,"href":"https:\/\/www.unicosigorta.com.tr\/blog\/wp-json\/wp\/v2\/comments?post=638"}],"version-history":[{"count":0,"href":"https:\/\/www.unicosigorta.com.tr\/blog\/wp-json\/wp\/v2\/posts\/638\/revisions"}],"wp:featuredmedia":[{"embeddable":true,"href":"https:\/\/www.unicosigorta.com.tr\/blog\/wp-json\/wp\/v2\/media\/639"}],"wp:attachment":[{"href":"https:\/\/www.unicosigorta.com.tr\/blog\/wp-json\/wp\/v2\/media?parent=638"}],"wp:term":[{"taxonomy":"category","embeddable":true,"href":"https:\/\/www.unicosigorta.com.tr\/blog\/wp-json\/wp\/v2\/categories?post=638"},{"taxonomy":"post_tag","embeddable":true,"href":"https:\/\/www.unicosigorta.com.tr\/blog\/wp-json\/wp\/v2\/tags?post=638"}],"curies":[{"name":"wp","href":"https:\/\/api.w.org\/{rel}","templated":true}]}}