{"id":829,"date":"2018-11-06T13:53:45","date_gmt":"2018-11-06T10:53:45","guid":{"rendered":"https:\/\/www.unicosigorta.com.tr\/blog\/?p=829"},"modified":"2018-11-13T11:55:58","modified_gmt":"2018-11-13T08:55:58","slug":"bunyamin-surmeliden-5-kasim-11-kasim-hava-durumu-tahmini","status":"publish","type":"post","link":"https:\/\/www.unicosigorta.com.tr\/blog\/bunyamin-surmeliden-5-kasim-11-kasim-hava-durumu-tahmini\/","title":{"rendered":"B\u00fcnyamin S\u00fcrmeli\u2019den 5 Kas\u0131m \u2013 11 Kas\u0131m Hava Durumu Tahmini"},"content":{"rendered":"<p><span style=\"font-weight: 400;\">Merhabalar,<\/span><\/p>\n<p><span style=\"font-weight: 400;\">Hafta ba\u015f\u0131nda \u00f6n\u00fcm\u00fczdeki birka\u00e7 haftan\u0131n detay\u0131na, Kas\u0131m\u2019da ufukta ne g\u00f6r\u00fcn\u00fcyor ona bakal\u0131m. Kas\u0131m ay\u0131nda ya\u011f\u0131\u015f bak\u0131m\u0131ndan Marmara, Karadeniz ve Ege zay\u0131f g\u00f6z\u00fck\u00fcyor. Ay\u0131n 10 \u2013 15\u2019ine do\u011fru do\u011fu b\u00f6lgelere ya\u011f\u0131\u015flar gelecek. Genel anlamda ay\u0131n toplam\u0131na bakt\u0131\u011f\u0131m\u0131zda pek ya\u011f\u0131\u015fl\u0131 de\u011fil s\u0131cakl\u0131k bak\u0131m\u0131ndan da ortalaman\u0131n \u00fczerinde gidiyoruz. Muhtemelen Aral\u0131k ay\u0131nda normallere yerle\u015fmeye ba\u015flayaca\u011f\u0131z. K\u0131\u015fla alakal\u0131 \u00f6ng\u00f6r\u00fcleri de \u00f6n\u00fcm\u00fcdeki hafta iyice netle\u015ftikten sonra payla\u015faca\u011f\u0131z. <\/span><\/p>\n<p><span style=\"font-weight: 400;\">Bu hafta i\u00e7erisinde Marmara genel olarak bulutlu, sisli ve puslu. Arada k\u0131sa s\u00fcreli ya\u011fmur ge\u00e7i\u015fleri var ama \u00e7ok kayda de\u011fer ya\u011f\u0131\u015flar yok. \u0130stanbul\u2019da daha \u00e7ok \u015fehrin kuzeyinde Karadeniz\u2019e yak\u0131n kesimlerine ara ara gelip gidecek ya\u011f\u0131\u015flar var. Orta ve Do\u011fu Karadeniz\u2019de b\u00f6lgesel ya\u011f\u0131\u015flar var. G\u00fcneydo\u011fu\u2019da bu g\u00fcnlerde ya\u011f\u0131\u015flar vard\u0131 ancak onlar da yar\u0131na kesilecek. Ara ara G\u00fcneydo\u011fu\u2019ya, Do\u011fu Akdeniz\u2019e, Do\u011fu Anadolu\u2019ya ya\u011f\u0131\u015flar gelecek. Ay\u0131n 10\u2019u ve 15\u2019i aral\u0131\u011f\u0131nda Akdeniz\u2019in orta kesimlerinden giri\u015f yap\u0131p Do\u011fu Akdeniz\u2019e ordan G\u00fcney Do\u011fu ve Do\u011fu Anadolu\u2019ya geni\u015fleyecek kesintili ya\u011f\u0131\u015flar g\u00f6r\u00fcl\u00fcyor. <\/span><\/p>\n<p><span style=\"font-weight: 400;\">Bu g\u00fcnlerdeki s\u0131cakl\u0131klar haftan\u0131n ikinci yar\u0131s\u0131nda bir t\u0131k daha a\u015fa\u011f\u0131ya iniyor. Ancak \u00e7ok fazla dalganma yok. Ay\u0131n 17\u2019sine kadar<\/span> <span style=\"font-weight: 400;\">\u00e7ok b\u00fcy\u00fck de\u011ferlerde bir dalgalanma s\u00f6z konusu de\u011fil. Hatta \u00f6n\u00fcm\u00fczdeki hafta kuzey b\u00f6lgelerde bulutlar biraz daha azalacak.\u00d6zellikle \u0130\u00e7 Anadolu past\u0131rma yaz\u0131n\u0131 yakalad\u0131 b\u0131rakm\u0131yor &#x263a; Normalde past\u0131rma yaz\u0131 1-2 hafta olur ama bu b\u00f6lgede neredeyse ay\u0131 kaplayacak. Ba\u015fkent \u00e7evreleri i\u00e7in ise \u015fu an 2 hafta daha ya\u011f\u0131\u015f g\u00f6z\u00fckm\u00fcyor.<\/span><\/p>\n<p><span style=\"font-weight: 400;\">Gece s\u0131cakl\u0131klar bu y\u00fcksek bas\u0131n\u00e7la beraber d\u00fc\u015f\u00fcyor. Sabah saatlerinde s\u0131rt\u0131n\u0131za bir \u015fey alman\u0131z\u0131 tavsiye ederim &#x263a; Bu verdi\u011fimiz s\u0131cakl\u0131klar \u00f6\u011fle saatlerinde k\u0131sa bir zaman diliminde \u00f6l\u00e7\u00fcl\u00fcyor onun d\u0131\u015f\u0131nda sabah saatleri biraz serin ba\u015fl\u0131yor. Hatta baz\u0131 kesimler \u00f6rne\u011fin; \u0130\u00e7 Ege g\u00fcne s\u0131f\u0131r hatta s\u0131f\u0131r\u0131n alt\u0131nda ba\u015fl\u0131yabiliyor. Y\u00fcksek bas\u0131n\u00e7la beraber sis de olu\u015fuyor. Sisin yap\u0131\u015fkan bir \u00f6zelli\u011fi vard\u0131r ve zemine yap\u0131\u015f\u0131r bir de \u00fczerine d\u00fc\u015f\u00fck s\u0131cakl\u0131klar eklenince yolda olacaklara h\u0131z\u0131n\u0131za dikkat edin diyoruz. Sisli b\u00f6lgelerde hem g\u00f6r\u00fc\u015ften dolay\u0131 hem de zeminin kaygan olma ihtimaline kar\u015f\u0131 bu g\u00fcnlerde dikkat etmekte fayda var. Sis Marmara\u2019n\u0131n g\u00fcneyinde, \u0130\u00e7 Ege ve \u0130\u00e7 Anadolu\u2019da di\u011fer merkezlere g\u00f6re biraz daha fazla. <\/span><\/p>\n<p><span style=\"font-weight: 400;\">Tekrar g\u00f6r\u00fc\u015fmek \u00fczere ho\u015f\u00e7akal\u0131n.<\/span><\/p>\n<p><a href=\"https:\/\/www.youtube.com\/watch?v=LoQhro3WjNA\">https:\/\/www.youtube.com\/watch?v=LoQhro3WjNA<\/a><\/p>\n","protected":false},"excerpt":{"rendered":"<p>Merhabalar, Hafta ba\u015f\u0131nda \u00f6n\u00fcm\u00fczdeki birka\u00e7 haftan\u0131n detay\u0131na, Kas\u0131m\u2019da ufukta ne g\u00f6r\u00fcn\u00fcyor ona bakal\u0131m. Kas\u0131m ay\u0131nda ya\u011f\u0131\u015f bak\u0131m\u0131ndan Marmara, Karadeniz ve Ege zay\u0131f g\u00f6z\u00fck\u00fcyor. Ay\u0131n 10 \u2013 15\u2019ine do\u011fru do\u011fu b\u00f6lgelere ya\u011f\u0131\u015flar gelecek. Genel anlamda ay\u0131n toplam\u0131na bakt\u0131\u011f\u0131m\u0131zda pek ya\u011f\u0131\u015fl\u0131 de\u011fil s\u0131cakl\u0131k bak\u0131m\u0131ndan da ortalaman\u0131n \u00fczerinde gidiyoruz. Muhtemelen Aral\u0131k ay\u0131nda normallere yerle\u015fmeye ba\u015flayaca\u011f\u0131z. K\u0131\u015fla alakal\u0131 \u00f6ng\u00f6r\u00fcleri [&hellip;]<\/p>\n","protected":false},"author":3,"featured_media":830,"comment_status":"open","ping_status":"open","sticky":false,"template":"","format":"standard","meta":{"_acf_changed":false,"amp_status":"","footnotes":"","_links_to":"","_links_to_target":""},"categories":[10],"tags":[],"class_list":["post-829","post","type-post","status-publish","format-standard","has-post-thumbnail","hentry","category-guncel-hava-olaylari"],"acf":[],"yoast_head":"<!-- This site is optimized with the Yoast SEO plugin v26.6 - https:\/\/yoast.com\/wordpress\/plugins\/seo\/ -->\n<title>B\u00fcnyamin S\u00fcrmeli\u2019den 5 Kas\u0131m \u2013 11 Kas\u0131m Hava Durumu Tahmini -<\/title>\n<meta name=\"robots\" content=\"index, follow, max-snippet:-1, max-image-preview:large, max-video-preview:-1\" \/>\n<link rel=\"canonical\" href=\"https:\/\/www.unicosigorta.com.tr\/blog\/bunyamin-surmeliden-5-kasim-11-kasim-hava-durumu-tahmini\/\" \/>\n<meta property=\"og:locale\" content=\"tr_TR\" \/>\n<meta property=\"og:type\" content=\"article\" \/>\n<meta property=\"og:title\" content=\"B\u00fcnyamin S\u00fcrmeli\u2019den 5 Kas\u0131m \u2013 11 Kas\u0131m Hava Durumu Tahmini -\" \/>\n<meta property=\"og:description\" content=\"Merhabalar, Hafta ba\u015f\u0131nda \u00f6n\u00fcm\u00fczdeki birka\u00e7 haftan\u0131n detay\u0131na, Kas\u0131m\u2019da ufukta ne g\u00f6r\u00fcn\u00fcyor ona bakal\u0131m. Kas\u0131m ay\u0131nda ya\u011f\u0131\u015f bak\u0131m\u0131ndan Marmara, Karadeniz ve Ege zay\u0131f g\u00f6z\u00fck\u00fcyor. Ay\u0131n 10 \u2013 15\u2019ine do\u011fru do\u011fu b\u00f6lgelere ya\u011f\u0131\u015flar gelecek. Genel anlamda ay\u0131n toplam\u0131na bakt\u0131\u011f\u0131m\u0131zda pek ya\u011f\u0131\u015fl\u0131 de\u011fil s\u0131cakl\u0131k bak\u0131m\u0131ndan da ortalaman\u0131n \u00fczerinde gidiyoruz. Muhtemelen Aral\u0131k ay\u0131nda normallere yerle\u015fmeye ba\u015flayaca\u011f\u0131z. K\u0131\u015fla alakal\u0131 \u00f6ng\u00f6r\u00fcleri [&hellip;]\" \/>\n<meta property=\"og:url\" content=\"https:\/\/www.unicosigorta.com.tr\/blog\/bunyamin-surmeliden-5-kasim-11-kasim-hava-durumu-tahmini\/\" \/>\n<meta property=\"article:published_time\" content=\"2018-11-06T10:53:45+00:00\" \/>\n<meta property=\"article:modified_time\" content=\"2018-11-13T08:55:58+00:00\" \/>\n<meta property=\"og:image\" content=\"https:\/\/www.unicosigorta.com.tr\/blog\/dosyalar\/2018\/11\/Bu\u0308nyamin-Su\u0308rmeli-Go\u0308rsel-5.jpg\" \/>\n\t<meta property=\"og:image:width\" content=\"1703\" \/>\n\t<meta property=\"og:image:height\" content=\"889\" \/>\n\t<meta property=\"og:image:type\" content=\"image\/jpeg\" \/>\n<meta name=\"author\" content=\"unico admin\" \/>\n<meta name=\"twitter:card\" content=\"summary_large_image\" \/>\n<meta name=\"twitter:label1\" content=\"Yazan:\" \/>\n\t<meta name=\"twitter:data1\" content=\"unico admin\" \/>\n\t<meta name=\"twitter:label2\" content=\"Tahmini okuma s\u00fcresi\" \/>\n\t<meta name=\"twitter:data2\" content=\"3 dakika\" \/>\n<script type=\"application\/ld+json\" class=\"yoast-schema-graph\">{\"@context\":\"https:\/\/schema.org\",\"@graph\":[{\"@type\":\"Article\",\"@id\":\"https:\/\/www.unicosigorta.com.tr\/blog\/bunyamin-surmeliden-5-kasim-11-kasim-hava-durumu-tahmini\/#article\",\"isPartOf\":{\"@id\":\"https:\/\/www.unicosigorta.com.tr\/blog\/bunyamin-surmeliden-5-kasim-11-kasim-hava-durumu-tahmini\/\"},\"author\":{\"name\":\"unico admin\",\"@id\":\"https:\/\/www.unicosigorta.com.tr\/blog\/#\/schema\/person\/faa75dc878ba719bed926ac4ec1f1e7b\"},\"headline\":\"B\u00fcnyamin S\u00fcrmeli\u2019den 5 Kas\u0131m \u2013 11 Kas\u0131m Hava Durumu Tahmini\",\"datePublished\":\"2018-11-06T10:53:45+00:00\",\"dateModified\":\"2018-11-13T08:55:58+00:00\",\"mainEntityOfPage\":{\"@id\":\"https:\/\/www.unicosigorta.com.tr\/blog\/bunyamin-surmeliden-5-kasim-11-kasim-hava-durumu-tahmini\/\"},\"wordCount\":516,\"commentCount\":0,\"publisher\":{\"@id\":\"https:\/\/www.unicosigorta.com.tr\/blog\/#organization\"},\"image\":{\"@id\":\"https:\/\/www.unicosigorta.com.tr\/blog\/bunyamin-surmeliden-5-kasim-11-kasim-hava-durumu-tahmini\/#primaryimage\"},\"thumbnailUrl\":\"https:\/\/www.unicosigorta.com.tr\/blog\/dosyalar\/2018\/11\/Bu\u0308nyamin-Su\u0308rmeli-Go\u0308rsel-5.jpg\",\"articleSection\":[\"G\u00fcncel Hava Olaylar\u0131\"],\"inLanguage\":\"tr\",\"potentialAction\":[{\"@type\":\"CommentAction\",\"name\":\"Comment\",\"target\":[\"https:\/\/www.unicosigorta.com.tr\/blog\/bunyamin-surmeliden-5-kasim-11-kasim-hava-durumu-tahmini\/#respond\"]}]},{\"@type\":\"WebPage\",\"@id\":\"https:\/\/www.unicosigorta.com.tr\/blog\/bunyamin-surmeliden-5-kasim-11-kasim-hava-durumu-tahmini\/\",\"url\":\"https:\/\/www.unicosigorta.com.tr\/blog\/bunyamin-surmeliden-5-kasim-11-kasim-hava-durumu-tahmini\/\",\"name\":\"B\u00fcnyamin S\u00fcrmeli\u2019den 5 Kas\u0131m \u2013 11 Kas\u0131m Hava Durumu Tahmini -\",\"isPartOf\":{\"@id\":\"https:\/\/www.unicosigorta.com.tr\/blog\/#website\"},\"primaryImageOfPage\":{\"@id\":\"https:\/\/www.unicosigorta.com.tr\/blog\/bunyamin-surmeliden-5-kasim-11-kasim-hava-durumu-tahmini\/#primaryimage\"},\"image\":{\"@id\":\"https:\/\/www.unicosigorta.com.tr\/blog\/bunyamin-surmeliden-5-kasim-11-kasim-hava-durumu-tahmini\/#primaryimage\"},\"thumbnailUrl\":\"https:\/\/www.unicosigorta.com.tr\/blog\/dosyalar\/2018\/11\/Bu\u0308nyamin-Su\u0308rmeli-Go\u0308rsel-5.jpg\",\"datePublished\":\"2018-11-06T10:53:45+00:00\",\"dateModified\":\"2018-11-13T08:55:58+00:00\",\"breadcrumb\":{\"@id\":\"https:\/\/www.unicosigorta.com.tr\/blog\/bunyamin-surmeliden-5-kasim-11-kasim-hava-durumu-tahmini\/#breadcrumb\"},\"inLanguage\":\"tr\",\"potentialAction\":[{\"@type\":\"ReadAction\",\"target\":[\"https:\/\/www.unicosigorta.com.tr\/blog\/bunyamin-surmeliden-5-kasim-11-kasim-hava-durumu-tahmini\/\"]}]},{\"@type\":\"ImageObject\",\"inLanguage\":\"tr\",\"@id\":\"https:\/\/www.unicosigorta.com.tr\/blog\/bunyamin-surmeliden-5-kasim-11-kasim-hava-durumu-tahmini\/#primaryimage\",\"url\":\"https:\/\/www.unicosigorta.com.tr\/blog\/dosyalar\/2018\/11\/Bu\u0308nyamin-Su\u0308rmeli-Go\u0308rsel-5.jpg\",\"contentUrl\":\"https:\/\/www.unicosigorta.com.tr\/blog\/dosyalar\/2018\/11\/Bu\u0308nyamin-Su\u0308rmeli-Go\u0308rsel-5.jpg\",\"width\":1703,\"height\":889},{\"@type\":\"BreadcrumbList\",\"@id\":\"https:\/\/www.unicosigorta.com.tr\/blog\/bunyamin-surmeliden-5-kasim-11-kasim-hava-durumu-tahmini\/#breadcrumb\",\"itemListElement\":[{\"@type\":\"ListItem\",\"position\":1,\"name\":\"Ana sayfa\",\"item\":\"https:\/\/www.unicosigorta.com.tr\/blog\/\"},{\"@type\":\"ListItem\",\"position\":2,\"name\":\"B\u00fcnyamin S\u00fcrmeli\u2019den 5 Kas\u0131m \u2013 11 Kas\u0131m Hava Durumu Tahmini\"}]},{\"@type\":\"WebSite\",\"@id\":\"https:\/\/www.unicosigorta.com.tr\/blog\/#website\",\"url\":\"https:\/\/www.unicosigorta.com.tr\/blog\/\",\"name\":\"Unico Blog\",\"description\":\"De\u011ferini Bilir, G\u00fcven Verir.\",\"publisher\":{\"@id\":\"https:\/\/www.unicosigorta.com.tr\/blog\/#organization\"},\"potentialAction\":[{\"@type\":\"SearchAction\",\"target\":{\"@type\":\"EntryPoint\",\"urlTemplate\":\"https:\/\/www.unicosigorta.com.tr\/blog\/?s={search_term_string}\"},\"query-input\":{\"@type\":\"PropertyValueSpecification\",\"valueRequired\":true,\"valueName\":\"search_term_string\"}}],\"inLanguage\":\"tr\"},{\"@type\":\"Organization\",\"@id\":\"https:\/\/www.unicosigorta.com.tr\/blog\/#organization\",\"name\":\"Unico Blog\",\"url\":\"https:\/\/www.unicosigorta.com.tr\/blog\/\",\"logo\":{\"@type\":\"ImageObject\",\"inLanguage\":\"tr\",\"@id\":\"https:\/\/www.unicosigorta.com.tr\/blog\/#\/schema\/logo\/image\/\",\"url\":\"https:\/\/www.unicosigorta.com.tr\/blog\/dosyalar\/2025\/10\/cropped-uni-logo-2.jpg\",\"contentUrl\":\"https:\/\/www.unicosigorta.com.tr\/blog\/dosyalar\/2025\/10\/cropped-uni-logo-2.jpg\",\"width\":512,\"height\":512,\"caption\":\"Unico Blog\"},\"image\":{\"@id\":\"https:\/\/www.unicosigorta.com.tr\/blog\/#\/schema\/logo\/image\/\"}},{\"@type\":\"Person\",\"@id\":\"https:\/\/www.unicosigorta.com.tr\/blog\/#\/schema\/person\/faa75dc878ba719bed926ac4ec1f1e7b\",\"name\":\"unico admin\",\"image\":{\"@type\":\"ImageObject\",\"inLanguage\":\"tr\",\"@id\":\"https:\/\/www.unicosigorta.com.tr\/blog\/#\/schema\/person\/image\/\",\"url\":\"https:\/\/secure.gravatar.com\/avatar\/7145c29f894383f262f7ace34e6cb9f51610af77b8f646597b6ffaca67953489?s=96&d=mm&r=g\",\"contentUrl\":\"https:\/\/secure.gravatar.com\/avatar\/7145c29f894383f262f7ace34e6cb9f51610af77b8f646597b6ffaca67953489?s=96&d=mm&r=g\",\"caption\":\"unico admin\"},\"url\":\"https:\/\/www.unicosigorta.com.tr\/blog\/author\/unicoadmin\/\"}]}<\/script>\n<!-- \/ Yoast SEO plugin. -->","yoast_head_json":{"title":"B\u00fcnyamin S\u00fcrmeli\u2019den 5 Kas\u0131m \u2013 11 Kas\u0131m Hava Durumu Tahmini -","robots":{"index":"index","follow":"follow","max-snippet":"max-snippet:-1","max-image-preview":"max-image-preview:large","max-video-preview":"max-video-preview:-1"},"canonical":"https:\/\/www.unicosigorta.com.tr\/blog\/bunyamin-surmeliden-5-kasim-11-kasim-hava-durumu-tahmini\/","og_locale":"tr_TR","og_type":"article","og_title":"B\u00fcnyamin S\u00fcrmeli\u2019den 5 Kas\u0131m \u2013 11 Kas\u0131m Hava Durumu Tahmini -","og_description":"Merhabalar, Hafta ba\u015f\u0131nda \u00f6n\u00fcm\u00fczdeki birka\u00e7 haftan\u0131n detay\u0131na, Kas\u0131m\u2019da ufukta ne g\u00f6r\u00fcn\u00fcyor ona bakal\u0131m. Kas\u0131m ay\u0131nda ya\u011f\u0131\u015f bak\u0131m\u0131ndan Marmara, Karadeniz ve Ege zay\u0131f g\u00f6z\u00fck\u00fcyor. Ay\u0131n 10 \u2013 15\u2019ine do\u011fru do\u011fu b\u00f6lgelere ya\u011f\u0131\u015flar gelecek. Genel anlamda ay\u0131n toplam\u0131na bakt\u0131\u011f\u0131m\u0131zda pek ya\u011f\u0131\u015fl\u0131 de\u011fil s\u0131cakl\u0131k bak\u0131m\u0131ndan da ortalaman\u0131n \u00fczerinde gidiyoruz. Muhtemelen Aral\u0131k ay\u0131nda normallere yerle\u015fmeye ba\u015flayaca\u011f\u0131z. K\u0131\u015fla alakal\u0131 \u00f6ng\u00f6r\u00fcleri [&hellip;]","og_url":"https:\/\/www.unicosigorta.com.tr\/blog\/bunyamin-surmeliden-5-kasim-11-kasim-hava-durumu-tahmini\/","article_published_time":"2018-11-06T10:53:45+00:00","article_modified_time":"2018-11-13T08:55:58+00:00","og_image":[{"width":1703,"height":889,"url":"https:\/\/www.unicosigorta.com.tr\/blog\/dosyalar\/2018\/11\/Bu\u0308nyamin-Su\u0308rmeli-Go\u0308rsel-5.jpg","type":"image\/jpeg"}],"author":"unico admin","twitter_card":"summary_large_image","twitter_misc":{"Yazan:":"unico admin","Tahmini okuma s\u00fcresi":"3 dakika"},"schema":{"@context":"https:\/\/schema.org","@graph":[{"@type":"Article","@id":"https:\/\/www.unicosigorta.com.tr\/blog\/bunyamin-surmeliden-5-kasim-11-kasim-hava-durumu-tahmini\/#article","isPartOf":{"@id":"https:\/\/www.unicosigorta.com.tr\/blog\/bunyamin-surmeliden-5-kasim-11-kasim-hava-durumu-tahmini\/"},"author":{"name":"unico admin","@id":"https:\/\/www.unicosigorta.com.tr\/blog\/#\/schema\/person\/faa75dc878ba719bed926ac4ec1f1e7b"},"headline":"B\u00fcnyamin S\u00fcrmeli\u2019den 5 Kas\u0131m \u2013 11 Kas\u0131m Hava Durumu Tahmini","datePublished":"2018-11-06T10:53:45+00:00","dateModified":"2018-11-13T08:55:58+00:00","mainEntityOfPage":{"@id":"https:\/\/www.unicosigorta.com.tr\/blog\/bunyamin-surmeliden-5-kasim-11-kasim-hava-durumu-tahmini\/"},"wordCount":516,"commentCount":0,"publisher":{"@id":"https:\/\/www.unicosigorta.com.tr\/blog\/#organization"},"image":{"@id":"https:\/\/www.unicosigorta.com.tr\/blog\/bunyamin-surmeliden-5-kasim-11-kasim-hava-durumu-tahmini\/#primaryimage"},"thumbnailUrl":"https:\/\/www.unicosigorta.com.tr\/blog\/dosyalar\/2018\/11\/Bu\u0308nyamin-Su\u0308rmeli-Go\u0308rsel-5.jpg","articleSection":["G\u00fcncel Hava Olaylar\u0131"],"inLanguage":"tr","potentialAction":[{"@type":"CommentAction","name":"Comment","target":["https:\/\/www.unicosigorta.com.tr\/blog\/bunyamin-surmeliden-5-kasim-11-kasim-hava-durumu-tahmini\/#respond"]}]},{"@type":"WebPage","@id":"https:\/\/www.unicosigorta.com.tr\/blog\/bunyamin-surmeliden-5-kasim-11-kasim-hava-durumu-tahmini\/","url":"https:\/\/www.unicosigorta.com.tr\/blog\/bunyamin-surmeliden-5-kasim-11-kasim-hava-durumu-tahmini\/","name":"B\u00fcnyamin S\u00fcrmeli\u2019den 5 Kas\u0131m \u2013 11 Kas\u0131m Hava Durumu Tahmini -","isPartOf":{"@id":"https:\/\/www.unicosigorta.com.tr\/blog\/#website"},"primaryImageOfPage":{"@id":"https:\/\/www.unicosigorta.com.tr\/blog\/bunyamin-surmeliden-5-kasim-11-kasim-hava-durumu-tahmini\/#primaryimage"},"image":{"@id":"https:\/\/www.unicosigorta.com.tr\/blog\/bunyamin-surmeliden-5-kasim-11-kasim-hava-durumu-tahmini\/#primaryimage"},"thumbnailUrl":"https:\/\/www.unicosigorta.com.tr\/blog\/dosyalar\/2018\/11\/Bu\u0308nyamin-Su\u0308rmeli-Go\u0308rsel-5.jpg","datePublished":"2018-11-06T10:53:45+00:00","dateModified":"2018-11-13T08:55:58+00:00","breadcrumb":{"@id":"https:\/\/www.unicosigorta.com.tr\/blog\/bunyamin-surmeliden-5-kasim-11-kasim-hava-durumu-tahmini\/#breadcrumb"},"inLanguage":"tr","potentialAction":[{"@type":"ReadAction","target":["https:\/\/www.unicosigorta.com.tr\/blog\/bunyamin-surmeliden-5-kasim-11-kasim-hava-durumu-tahmini\/"]}]},{"@type":"ImageObject","inLanguage":"tr","@id":"https:\/\/www.unicosigorta.com.tr\/blog\/bunyamin-surmeliden-5-kasim-11-kasim-hava-durumu-tahmini\/#primaryimage","url":"https:\/\/www.unicosigorta.com.tr\/blog\/dosyalar\/2018\/11\/Bu\u0308nyamin-Su\u0308rmeli-Go\u0308rsel-5.jpg","contentUrl":"https:\/\/www.unicosigorta.com.tr\/blog\/dosyalar\/2018\/11\/Bu\u0308nyamin-Su\u0308rmeli-Go\u0308rsel-5.jpg","width":1703,"height":889},{"@type":"BreadcrumbList","@id":"https:\/\/www.unicosigorta.com.tr\/blog\/bunyamin-surmeliden-5-kasim-11-kasim-hava-durumu-tahmini\/#breadcrumb","itemListElement":[{"@type":"ListItem","position":1,"name":"Ana sayfa","item":"https:\/\/www.unicosigorta.com.tr\/blog\/"},{"@type":"ListItem","position":2,"name":"B\u00fcnyamin S\u00fcrmeli\u2019den 5 Kas\u0131m \u2013 11 Kas\u0131m Hava Durumu Tahmini"}]},{"@type":"WebSite","@id":"https:\/\/www.unicosigorta.com.tr\/blog\/#website","url":"https:\/\/www.unicosigorta.com.tr\/blog\/","name":"Unico Blog","description":"De\u011ferini Bilir, G\u00fcven Verir.","publisher":{"@id":"https:\/\/www.unicosigorta.com.tr\/blog\/#organization"},"potentialAction":[{"@type":"SearchAction","target":{"@type":"EntryPoint","urlTemplate":"https:\/\/www.unicosigorta.com.tr\/blog\/?s={search_term_string}"},"query-input":{"@type":"PropertyValueSpecification","valueRequired":true,"valueName":"search_term_string"}}],"inLanguage":"tr"},{"@type":"Organization","@id":"https:\/\/www.unicosigorta.com.tr\/blog\/#organization","name":"Unico Blog","url":"https:\/\/www.unicosigorta.com.tr\/blog\/","logo":{"@type":"ImageObject","inLanguage":"tr","@id":"https:\/\/www.unicosigorta.com.tr\/blog\/#\/schema\/logo\/image\/","url":"https:\/\/www.unicosigorta.com.tr\/blog\/dosyalar\/2025\/10\/cropped-uni-logo-2.jpg","contentUrl":"https:\/\/www.unicosigorta.com.tr\/blog\/dosyalar\/2025\/10\/cropped-uni-logo-2.jpg","width":512,"height":512,"caption":"Unico Blog"},"image":{"@id":"https:\/\/www.unicosigorta.com.tr\/blog\/#\/schema\/logo\/image\/"}},{"@type":"Person","@id":"https:\/\/www.unicosigorta.com.tr\/blog\/#\/schema\/person\/faa75dc878ba719bed926ac4ec1f1e7b","name":"unico admin","image":{"@type":"ImageObject","inLanguage":"tr","@id":"https:\/\/www.unicosigorta.com.tr\/blog\/#\/schema\/person\/image\/","url":"https:\/\/secure.gravatar.com\/avatar\/7145c29f894383f262f7ace34e6cb9f51610af77b8f646597b6ffaca67953489?s=96&d=mm&r=g","contentUrl":"https:\/\/secure.gravatar.com\/avatar\/7145c29f894383f262f7ace34e6cb9f51610af77b8f646597b6ffaca67953489?s=96&d=mm&r=g","caption":"unico admin"},"url":"https:\/\/www.unicosigorta.com.tr\/blog\/author\/unicoadmin\/"}]}},"views":3864,"_links":{"self":[{"href":"https:\/\/www.unicosigorta.com.tr\/blog\/wp-json\/wp\/v2\/posts\/829","targetHints":{"allow":["GET"]}}],"collection":[{"href":"https:\/\/www.unicosigorta.com.tr\/blog\/wp-json\/wp\/v2\/posts"}],"about":[{"href":"https:\/\/www.unicosigorta.com.tr\/blog\/wp-json\/wp\/v2\/types\/post"}],"author":[{"embeddable":true,"href":"https:\/\/www.unicosigorta.com.tr\/blog\/wp-json\/wp\/v2\/users\/3"}],"replies":[{"embeddable":true,"href":"https:\/\/www.unicosigorta.com.tr\/blog\/wp-json\/wp\/v2\/comments?post=829"}],"version-history":[{"count":0,"href":"https:\/\/www.unicosigorta.com.tr\/blog\/wp-json\/wp\/v2\/posts\/829\/revisions"}],"wp:featuredmedia":[{"embeddable":true,"href":"https:\/\/www.unicosigorta.com.tr\/blog\/wp-json\/wp\/v2\/media\/830"}],"wp:attachment":[{"href":"https:\/\/www.unicosigorta.com.tr\/blog\/wp-json\/wp\/v2\/media?parent=829"}],"wp:term":[{"taxonomy":"category","embeddable":true,"href":"https:\/\/www.unicosigorta.com.tr\/blog\/wp-json\/wp\/v2\/categories?post=829"},{"taxonomy":"post_tag","embeddable":true,"href":"https:\/\/www.unicosigorta.com.tr\/blog\/wp-json\/wp\/v2\/tags?post=829"}],"curies":[{"name":"wp","href":"https:\/\/api.w.org\/{rel}","templated":true}]}}