{"id":834,"date":"2018-11-13T11:42:53","date_gmt":"2018-11-13T08:42:53","guid":{"rendered":"https:\/\/www.unicosigorta.com.tr\/blog\/?p=834"},"modified":"2018-11-13T11:55:48","modified_gmt":"2018-11-13T08:55:48","slug":"bunyamin-surmeliden-13-kasim-19-kasim-hava-durumu-tahmini","status":"publish","type":"post","link":"https:\/\/www.unicosigorta.com.tr\/blog\/bunyamin-surmeliden-13-kasim-19-kasim-hava-durumu-tahmini\/","title":{"rendered":"B\u00fcnyamin S\u00fcrmeli\u2019den 13 Kas\u0131m \u2013 19 Kas\u0131m Hava Durumu Tahmini"},"content":{"rendered":"<p><span style=\"font-weight: 400;\">Merhaba, ho\u015f geldiniz. Yine hafta ba\u015f\u0131yla beraber \u00f6n\u00fcm\u00fczdeki bir ka\u00e7 haftan\u0131n hava durumu projeksiyonunu a\u00e7aca\u011f\u0131z. Ancak bu kez daha genel hatlarla bir \u015feyler s\u00f6yleyece\u011fiz \u00e7\u00fcnk\u00fc \u00e7ok h\u0131zl\u0131 sistem hareketleri var. Sistemler bir yerden giri\u015f yap\u0131yor ve hemen di\u011fer taraftan \u00e7\u0131k\u0131yor ama her seferinde de su bask\u0131nlar\u0131 ve sel yapabilecek seviyede g\u00fc\u00e7l\u00fc sa\u011fanaklar ya da kar b\u0131rak\u0131yor.<\/span><\/p>\n<p><span style=\"font-weight: 400;\">\u00d6ncelikle \u015fehir i\u00e7i ya da \u015fehirler aras\u0131 yolda olacaklara lastiklerinize dikkat edin diyoruz. Hele \u015fehirler aras\u0131 yolda olacaksan\u0131z; bir \u00e7ok noktaya \u0130\u00e7 Anadolu&#8217;nun g\u00fcneyine, Antalya&#8217;n\u0131n kuzey kesimlerine, Konya-Antalya ba\u011flant\u0131 yoluna, Do\u011fu Anadolu\u2019ya, \u0130\u00e7 Anadolu&#8217;nun do\u011fusuna, Uluda\u011f&#8217;a, Kartalkaya\u2019ya ve bir \u00e7ok noktaya kar geliyor. Bu kar ge\u00e7ti\u011fimiz g\u00fcnlerde gelen yar\u0131m ya da 1 g\u00fcnl\u00fck cinsten de\u011fil \u015fehir i\u00e7lerine kadar ya\u011f\u0131\u015f bekliyoruz. Dolay\u0131s\u0131yla \u015fehirler aras\u0131 yolculuklar yapanlar varsa k\u0131\u015f lastiklerinize ge\u00e7mediyseniz muhakkak ge\u00e7menizi \u00f6neririm. Kar olmasa dahi yollara dikkat edin k\u0131\u015f ko\u015fullar\u0131na dair yeterli donan\u0131m ara\u00e7lar\u0131n\u0131zda muhakkak olsun.<\/span><\/p>\n<p><span style=\"font-weight: 400;\">S\u0131cakl\u0131k bu haftan\u0131n ortalar\u0131 gibi epey bir dip yapacak. \u00c7ar\u015famba g\u00fcn\u00fc Do\u011fu Anadolu\u2019da, Do\u011fu Karadeniz\u2019in i\u00e7 kesimlerinde G\u00fcm\u00fc\u015fhane, Bayburt dolaylar\u0131nda kar ya\u011f\u0131\u015flar\u0131 bekliyoruz. Per\u015fembe g\u00fcn\u00fc Antalya, Konya aras\u0131nda s\u0131k\u0131 kar ya\u011f\u0131\u015f\u0131 bekliyoruz. 10-15, Do\u011fu Anadolu\u2019da 20-25 cm. kar kal\u0131nl\u0131\u011f\u0131 yapabilecek, y\u00fcksek k\u00f6ylerde ula\u015f\u0131m\u0131 etkileyebilecek bir kar ya\u011f\u0131\u015f\u0131ndan bahsediyoruz.<\/span><\/p>\n<p><span style=\"font-weight: 400;\">Marmara\u2019ya ise aral\u0131klarla ya\u011f\u0131\u015flar geliyor. Per\u015fembe\u2019de itibaren bu ya\u011f\u0131\u015flar sa\u011fana\u011fa d\u00f6nmeye ba\u015fl\u0131yor. \u00c7ar\u015famba ve Per\u015fembe G\u00fcneydo\u011fu\u2019da ve Do\u011fu Anadolu\u2019da a\u011f\u0131r sa\u011fanaklar var. G\u00fcneydo\u011fu\u2019da Diyarbak\u0131r ve \u00e7evresine dikkat diyoruz. Cumaya gelirken Do\u011fu Akdeniz\u2019de ard\u0131ndan G\u00fcneydo\u011fu ve Do\u011fu Anadolu\u2019da yine a\u011f\u0131r kuvvetli sa\u011fanaklar g\u00f6r\u00fcl\u00fcyor. Marmara\u2019ya Per\u015fembe, Cuma Cumartesi kuvvetli sa\u011fanaklar \u015feklinde ya\u011f\u0131\u015flar bekliyoruz. Cumartesi g\u00fcn\u00fc bekledi\u011fimiz ya\u011f\u0131\u015flar \u0130stanbul\u2019un kuzey il\u00e7elerinde \u00f6nce Avrupa sonra Anadolu Yakas\u0131&#8217;nda su bask\u0131nlar\u0131 yapabilecek seviyelerde kuvvetli olabilir. Haftan\u0131n ba\u015f\u0131ndan haftan\u0131n sonunu s\u00f6yl\u00fcyoruz bu sebeple tabi ki sapmalar olabilir. Fakat en nihayetinde kuvvetli bir sa\u011fanaktan bahsediyoruz.<\/span><\/p>\n<p><span style=\"font-weight: 400;\">Hat\u0131rlarsan\u0131z Kas\u0131m i\u00e7in ortalaman\u0131n biraz \u00fczerinde s\u0131cakl\u0131kla ve kurakl\u0131kla ge\u00e7iyor demi\u015ftik. Ay\u0131n ikinci yar\u0131s\u0131nda kuvvetli sistemlerin gelmesi gerekiyor ki ortalama yakalans\u0131n \u00e7\u00fcnk\u00fc ilk yar\u0131s\u0131nda ya\u011f\u0131\u015f \u00e7ok azd\u0131. Ay\u0131n 17, 18\u2019ine kadar bahsetti\u011fimiz so\u011fuk sistemle beraberiz. Bu tarihten sonra s\u0131cakl\u0131k t\u0131rman\u0131yor ve bu kez Akdeniz \u00fczerinden gelen sistemleri almaya ba\u015fl\u0131yoruz. Bu kez yine G\u00fcney Ege ve Akdeniz \u00fczerinden giri\u015f yapan ya\u011f\u0131\u015flar Marmara\u2019ya, \u0130\u00e7 Anadolu\u2019ya ve Do\u011fu\u2019ya do\u011fru ilerliyor. O sistemi ge\u00e7iriyoruz. Bu kez ay\u0131n 24, 25\u2019ine do\u011fru Kuzey\u2019den so\u011fuk sistemler giriyor. Bu \u00f6n\u00fcm\u00fczdeki bir ka\u00e7 haftay\u0131 yurdun bir \u00e7ok noktas\u0131 ya\u011f\u0131\u015fl\u0131 ge\u00e7irecek.<\/span><\/p>\n<p><span style=\"font-weight: 400;\">Bu haftal\u0131k da bu kadar tekrar g\u00f6r\u00fc\u015fmek \u00fczere ho\u015f\u00e7akal\u0131n.<\/span><\/p>\n<p>&nbsp;<\/p>\n","protected":false},"excerpt":{"rendered":"<p>Merhaba, ho\u015f geldiniz. Yine hafta ba\u015f\u0131yla beraber \u00f6n\u00fcm\u00fczdeki bir ka\u00e7 haftan\u0131n hava durumu projeksiyonunu a\u00e7aca\u011f\u0131z. Ancak bu kez daha genel hatlarla bir \u015feyler s\u00f6yleyece\u011fiz \u00e7\u00fcnk\u00fc \u00e7ok h\u0131zl\u0131 sistem hareketleri var. Sistemler bir yerden giri\u015f yap\u0131yor ve hemen di\u011fer taraftan \u00e7\u0131k\u0131yor ama her seferinde de su bask\u0131nlar\u0131 ve sel yapabilecek seviyede g\u00fc\u00e7l\u00fc sa\u011fanaklar ya da kar [&hellip;]<\/p>\n","protected":false},"author":3,"featured_media":835,"comment_status":"open","ping_status":"open","sticky":false,"template":"","format":"standard","meta":{"_acf_changed":false,"amp_status":"","footnotes":"","_links_to":"","_links_to_target":""},"categories":[10],"tags":[],"class_list":["post-834","post","type-post","status-publish","format-standard","has-post-thumbnail","hentry","category-guncel-hava-olaylari"],"acf":[],"yoast_head":"<!-- This site is optimized with the Yoast SEO plugin v26.6 - https:\/\/yoast.com\/wordpress\/plugins\/seo\/ -->\n<title>B\u00fcnyamin S\u00fcrmeli\u2019den 13 Kas\u0131m \u2013 19 Kas\u0131m Hava Durumu Tahmini -<\/title>\n<meta name=\"robots\" content=\"index, follow, max-snippet:-1, max-image-preview:large, max-video-preview:-1\" \/>\n<link rel=\"canonical\" href=\"https:\/\/www.unicosigorta.com.tr\/blog\/bunyamin-surmeliden-13-kasim-19-kasim-hava-durumu-tahmini\/\" \/>\n<meta property=\"og:locale\" content=\"tr_TR\" \/>\n<meta property=\"og:type\" content=\"article\" \/>\n<meta property=\"og:title\" content=\"B\u00fcnyamin S\u00fcrmeli\u2019den 13 Kas\u0131m \u2013 19 Kas\u0131m Hava Durumu Tahmini -\" \/>\n<meta property=\"og:description\" content=\"Merhaba, ho\u015f geldiniz. Yine hafta ba\u015f\u0131yla beraber \u00f6n\u00fcm\u00fczdeki bir ka\u00e7 haftan\u0131n hava durumu projeksiyonunu a\u00e7aca\u011f\u0131z. Ancak bu kez daha genel hatlarla bir \u015feyler s\u00f6yleyece\u011fiz \u00e7\u00fcnk\u00fc \u00e7ok h\u0131zl\u0131 sistem hareketleri var. Sistemler bir yerden giri\u015f yap\u0131yor ve hemen di\u011fer taraftan \u00e7\u0131k\u0131yor ama her seferinde de su bask\u0131nlar\u0131 ve sel yapabilecek seviyede g\u00fc\u00e7l\u00fc sa\u011fanaklar ya da kar [&hellip;]\" \/>\n<meta property=\"og:url\" content=\"https:\/\/www.unicosigorta.com.tr\/blog\/bunyamin-surmeliden-13-kasim-19-kasim-hava-durumu-tahmini\/\" \/>\n<meta property=\"article:published_time\" content=\"2018-11-13T08:42:53+00:00\" \/>\n<meta property=\"article:modified_time\" content=\"2018-11-13T08:55:48+00:00\" \/>\n<meta property=\"og:image\" content=\"https:\/\/www.unicosigorta.com.tr\/blog\/dosyalar\/2018\/11\/Bu\u0308nyamin-Su\u0308rmeli-13-19-Kas\u0131m-Go\u0308rsel.jpg\" \/>\n\t<meta property=\"og:image:width\" content=\"1595\" \/>\n\t<meta property=\"og:image:height\" content=\"899\" \/>\n\t<meta property=\"og:image:type\" content=\"image\/jpeg\" \/>\n<meta name=\"author\" content=\"unico admin\" \/>\n<meta name=\"twitter:card\" content=\"summary_large_image\" \/>\n<meta name=\"twitter:label1\" content=\"Yazan:\" \/>\n\t<meta name=\"twitter:data1\" content=\"unico admin\" \/>\n\t<meta name=\"twitter:label2\" content=\"Tahmini okuma s\u00fcresi\" \/>\n\t<meta name=\"twitter:data2\" content=\"3 dakika\" \/>\n<script type=\"application\/ld+json\" class=\"yoast-schema-graph\">{\"@context\":\"https:\/\/schema.org\",\"@graph\":[{\"@type\":\"Article\",\"@id\":\"https:\/\/www.unicosigorta.com.tr\/blog\/bunyamin-surmeliden-13-kasim-19-kasim-hava-durumu-tahmini\/#article\",\"isPartOf\":{\"@id\":\"https:\/\/www.unicosigorta.com.tr\/blog\/bunyamin-surmeliden-13-kasim-19-kasim-hava-durumu-tahmini\/\"},\"author\":{\"name\":\"unico admin\",\"@id\":\"https:\/\/www.unicosigorta.com.tr\/blog\/#\/schema\/person\/faa75dc878ba719bed926ac4ec1f1e7b\"},\"headline\":\"B\u00fcnyamin S\u00fcrmeli\u2019den 13 Kas\u0131m \u2013 19 Kas\u0131m Hava Durumu Tahmini\",\"datePublished\":\"2018-11-13T08:42:53+00:00\",\"dateModified\":\"2018-11-13T08:55:48+00:00\",\"mainEntityOfPage\":{\"@id\":\"https:\/\/www.unicosigorta.com.tr\/blog\/bunyamin-surmeliden-13-kasim-19-kasim-hava-durumu-tahmini\/\"},\"wordCount\":555,\"commentCount\":0,\"publisher\":{\"@id\":\"https:\/\/www.unicosigorta.com.tr\/blog\/#organization\"},\"image\":{\"@id\":\"https:\/\/www.unicosigorta.com.tr\/blog\/bunyamin-surmeliden-13-kasim-19-kasim-hava-durumu-tahmini\/#primaryimage\"},\"thumbnailUrl\":\"https:\/\/www.unicosigorta.com.tr\/blog\/dosyalar\/2018\/11\/Bu\u0308nyamin-Su\u0308rmeli-13-19-Kas\u0131m-Go\u0308rsel.jpg\",\"articleSection\":[\"G\u00fcncel Hava Olaylar\u0131\"],\"inLanguage\":\"tr\",\"potentialAction\":[{\"@type\":\"CommentAction\",\"name\":\"Comment\",\"target\":[\"https:\/\/www.unicosigorta.com.tr\/blog\/bunyamin-surmeliden-13-kasim-19-kasim-hava-durumu-tahmini\/#respond\"]}]},{\"@type\":\"WebPage\",\"@id\":\"https:\/\/www.unicosigorta.com.tr\/blog\/bunyamin-surmeliden-13-kasim-19-kasim-hava-durumu-tahmini\/\",\"url\":\"https:\/\/www.unicosigorta.com.tr\/blog\/bunyamin-surmeliden-13-kasim-19-kasim-hava-durumu-tahmini\/\",\"name\":\"B\u00fcnyamin S\u00fcrmeli\u2019den 13 Kas\u0131m \u2013 19 Kas\u0131m Hava Durumu Tahmini -\",\"isPartOf\":{\"@id\":\"https:\/\/www.unicosigorta.com.tr\/blog\/#website\"},\"primaryImageOfPage\":{\"@id\":\"https:\/\/www.unicosigorta.com.tr\/blog\/bunyamin-surmeliden-13-kasim-19-kasim-hava-durumu-tahmini\/#primaryimage\"},\"image\":{\"@id\":\"https:\/\/www.unicosigorta.com.tr\/blog\/bunyamin-surmeliden-13-kasim-19-kasim-hava-durumu-tahmini\/#primaryimage\"},\"thumbnailUrl\":\"https:\/\/www.unicosigorta.com.tr\/blog\/dosyalar\/2018\/11\/Bu\u0308nyamin-Su\u0308rmeli-13-19-Kas\u0131m-Go\u0308rsel.jpg\",\"datePublished\":\"2018-11-13T08:42:53+00:00\",\"dateModified\":\"2018-11-13T08:55:48+00:00\",\"breadcrumb\":{\"@id\":\"https:\/\/www.unicosigorta.com.tr\/blog\/bunyamin-surmeliden-13-kasim-19-kasim-hava-durumu-tahmini\/#breadcrumb\"},\"inLanguage\":\"tr\",\"potentialAction\":[{\"@type\":\"ReadAction\",\"target\":[\"https:\/\/www.unicosigorta.com.tr\/blog\/bunyamin-surmeliden-13-kasim-19-kasim-hava-durumu-tahmini\/\"]}]},{\"@type\":\"ImageObject\",\"inLanguage\":\"tr\",\"@id\":\"https:\/\/www.unicosigorta.com.tr\/blog\/bunyamin-surmeliden-13-kasim-19-kasim-hava-durumu-tahmini\/#primaryimage\",\"url\":\"https:\/\/www.unicosigorta.com.tr\/blog\/dosyalar\/2018\/11\/Bu\u0308nyamin-Su\u0308rmeli-13-19-Kas\u0131m-Go\u0308rsel.jpg\",\"contentUrl\":\"https:\/\/www.unicosigorta.com.tr\/blog\/dosyalar\/2018\/11\/Bu\u0308nyamin-Su\u0308rmeli-13-19-Kas\u0131m-Go\u0308rsel.jpg\",\"width\":1595,\"height\":899},{\"@type\":\"BreadcrumbList\",\"@id\":\"https:\/\/www.unicosigorta.com.tr\/blog\/bunyamin-surmeliden-13-kasim-19-kasim-hava-durumu-tahmini\/#breadcrumb\",\"itemListElement\":[{\"@type\":\"ListItem\",\"position\":1,\"name\":\"Ana sayfa\",\"item\":\"https:\/\/www.unicosigorta.com.tr\/blog\/\"},{\"@type\":\"ListItem\",\"position\":2,\"name\":\"B\u00fcnyamin S\u00fcrmeli\u2019den 13 Kas\u0131m \u2013 19 Kas\u0131m Hava Durumu Tahmini\"}]},{\"@type\":\"WebSite\",\"@id\":\"https:\/\/www.unicosigorta.com.tr\/blog\/#website\",\"url\":\"https:\/\/www.unicosigorta.com.tr\/blog\/\",\"name\":\"Unico Blog\",\"description\":\"De\u011ferini Bilir, G\u00fcven Verir.\",\"publisher\":{\"@id\":\"https:\/\/www.unicosigorta.com.tr\/blog\/#organization\"},\"potentialAction\":[{\"@type\":\"SearchAction\",\"target\":{\"@type\":\"EntryPoint\",\"urlTemplate\":\"https:\/\/www.unicosigorta.com.tr\/blog\/?s={search_term_string}\"},\"query-input\":{\"@type\":\"PropertyValueSpecification\",\"valueRequired\":true,\"valueName\":\"search_term_string\"}}],\"inLanguage\":\"tr\"},{\"@type\":\"Organization\",\"@id\":\"https:\/\/www.unicosigorta.com.tr\/blog\/#organization\",\"name\":\"Unico Blog\",\"url\":\"https:\/\/www.unicosigorta.com.tr\/blog\/\",\"logo\":{\"@type\":\"ImageObject\",\"inLanguage\":\"tr\",\"@id\":\"https:\/\/www.unicosigorta.com.tr\/blog\/#\/schema\/logo\/image\/\",\"url\":\"https:\/\/www.unicosigorta.com.tr\/blog\/dosyalar\/2025\/10\/cropped-uni-logo-2.jpg\",\"contentUrl\":\"https:\/\/www.unicosigorta.com.tr\/blog\/dosyalar\/2025\/10\/cropped-uni-logo-2.jpg\",\"width\":512,\"height\":512,\"caption\":\"Unico Blog\"},\"image\":{\"@id\":\"https:\/\/www.unicosigorta.com.tr\/blog\/#\/schema\/logo\/image\/\"}},{\"@type\":\"Person\",\"@id\":\"https:\/\/www.unicosigorta.com.tr\/blog\/#\/schema\/person\/faa75dc878ba719bed926ac4ec1f1e7b\",\"name\":\"unico admin\",\"image\":{\"@type\":\"ImageObject\",\"inLanguage\":\"tr\",\"@id\":\"https:\/\/www.unicosigorta.com.tr\/blog\/#\/schema\/person\/image\/\",\"url\":\"https:\/\/secure.gravatar.com\/avatar\/7145c29f894383f262f7ace34e6cb9f51610af77b8f646597b6ffaca67953489?s=96&d=mm&r=g\",\"contentUrl\":\"https:\/\/secure.gravatar.com\/avatar\/7145c29f894383f262f7ace34e6cb9f51610af77b8f646597b6ffaca67953489?s=96&d=mm&r=g\",\"caption\":\"unico admin\"},\"url\":\"https:\/\/www.unicosigorta.com.tr\/blog\/author\/unicoadmin\/\"}]}<\/script>\n<!-- \/ Yoast SEO plugin. -->","yoast_head_json":{"title":"B\u00fcnyamin S\u00fcrmeli\u2019den 13 Kas\u0131m \u2013 19 Kas\u0131m Hava Durumu Tahmini -","robots":{"index":"index","follow":"follow","max-snippet":"max-snippet:-1","max-image-preview":"max-image-preview:large","max-video-preview":"max-video-preview:-1"},"canonical":"https:\/\/www.unicosigorta.com.tr\/blog\/bunyamin-surmeliden-13-kasim-19-kasim-hava-durumu-tahmini\/","og_locale":"tr_TR","og_type":"article","og_title":"B\u00fcnyamin S\u00fcrmeli\u2019den 13 Kas\u0131m \u2013 19 Kas\u0131m Hava Durumu Tahmini -","og_description":"Merhaba, ho\u015f geldiniz. Yine hafta ba\u015f\u0131yla beraber \u00f6n\u00fcm\u00fczdeki bir ka\u00e7 haftan\u0131n hava durumu projeksiyonunu a\u00e7aca\u011f\u0131z. Ancak bu kez daha genel hatlarla bir \u015feyler s\u00f6yleyece\u011fiz \u00e7\u00fcnk\u00fc \u00e7ok h\u0131zl\u0131 sistem hareketleri var. Sistemler bir yerden giri\u015f yap\u0131yor ve hemen di\u011fer taraftan \u00e7\u0131k\u0131yor ama her seferinde de su bask\u0131nlar\u0131 ve sel yapabilecek seviyede g\u00fc\u00e7l\u00fc sa\u011fanaklar ya da kar [&hellip;]","og_url":"https:\/\/www.unicosigorta.com.tr\/blog\/bunyamin-surmeliden-13-kasim-19-kasim-hava-durumu-tahmini\/","article_published_time":"2018-11-13T08:42:53+00:00","article_modified_time":"2018-11-13T08:55:48+00:00","og_image":[{"width":1595,"height":899,"url":"https:\/\/www.unicosigorta.com.tr\/blog\/dosyalar\/2018\/11\/Bu\u0308nyamin-Su\u0308rmeli-13-19-Kas\u0131m-Go\u0308rsel.jpg","type":"image\/jpeg"}],"author":"unico admin","twitter_card":"summary_large_image","twitter_misc":{"Yazan:":"unico admin","Tahmini okuma s\u00fcresi":"3 dakika"},"schema":{"@context":"https:\/\/schema.org","@graph":[{"@type":"Article","@id":"https:\/\/www.unicosigorta.com.tr\/blog\/bunyamin-surmeliden-13-kasim-19-kasim-hava-durumu-tahmini\/#article","isPartOf":{"@id":"https:\/\/www.unicosigorta.com.tr\/blog\/bunyamin-surmeliden-13-kasim-19-kasim-hava-durumu-tahmini\/"},"author":{"name":"unico admin","@id":"https:\/\/www.unicosigorta.com.tr\/blog\/#\/schema\/person\/faa75dc878ba719bed926ac4ec1f1e7b"},"headline":"B\u00fcnyamin S\u00fcrmeli\u2019den 13 Kas\u0131m \u2013 19 Kas\u0131m Hava Durumu Tahmini","datePublished":"2018-11-13T08:42:53+00:00","dateModified":"2018-11-13T08:55:48+00:00","mainEntityOfPage":{"@id":"https:\/\/www.unicosigorta.com.tr\/blog\/bunyamin-surmeliden-13-kasim-19-kasim-hava-durumu-tahmini\/"},"wordCount":555,"commentCount":0,"publisher":{"@id":"https:\/\/www.unicosigorta.com.tr\/blog\/#organization"},"image":{"@id":"https:\/\/www.unicosigorta.com.tr\/blog\/bunyamin-surmeliden-13-kasim-19-kasim-hava-durumu-tahmini\/#primaryimage"},"thumbnailUrl":"https:\/\/www.unicosigorta.com.tr\/blog\/dosyalar\/2018\/11\/Bu\u0308nyamin-Su\u0308rmeli-13-19-Kas\u0131m-Go\u0308rsel.jpg","articleSection":["G\u00fcncel Hava Olaylar\u0131"],"inLanguage":"tr","potentialAction":[{"@type":"CommentAction","name":"Comment","target":["https:\/\/www.unicosigorta.com.tr\/blog\/bunyamin-surmeliden-13-kasim-19-kasim-hava-durumu-tahmini\/#respond"]}]},{"@type":"WebPage","@id":"https:\/\/www.unicosigorta.com.tr\/blog\/bunyamin-surmeliden-13-kasim-19-kasim-hava-durumu-tahmini\/","url":"https:\/\/www.unicosigorta.com.tr\/blog\/bunyamin-surmeliden-13-kasim-19-kasim-hava-durumu-tahmini\/","name":"B\u00fcnyamin S\u00fcrmeli\u2019den 13 Kas\u0131m \u2013 19 Kas\u0131m Hava Durumu Tahmini -","isPartOf":{"@id":"https:\/\/www.unicosigorta.com.tr\/blog\/#website"},"primaryImageOfPage":{"@id":"https:\/\/www.unicosigorta.com.tr\/blog\/bunyamin-surmeliden-13-kasim-19-kasim-hava-durumu-tahmini\/#primaryimage"},"image":{"@id":"https:\/\/www.unicosigorta.com.tr\/blog\/bunyamin-surmeliden-13-kasim-19-kasim-hava-durumu-tahmini\/#primaryimage"},"thumbnailUrl":"https:\/\/www.unicosigorta.com.tr\/blog\/dosyalar\/2018\/11\/Bu\u0308nyamin-Su\u0308rmeli-13-19-Kas\u0131m-Go\u0308rsel.jpg","datePublished":"2018-11-13T08:42:53+00:00","dateModified":"2018-11-13T08:55:48+00:00","breadcrumb":{"@id":"https:\/\/www.unicosigorta.com.tr\/blog\/bunyamin-surmeliden-13-kasim-19-kasim-hava-durumu-tahmini\/#breadcrumb"},"inLanguage":"tr","potentialAction":[{"@type":"ReadAction","target":["https:\/\/www.unicosigorta.com.tr\/blog\/bunyamin-surmeliden-13-kasim-19-kasim-hava-durumu-tahmini\/"]}]},{"@type":"ImageObject","inLanguage":"tr","@id":"https:\/\/www.unicosigorta.com.tr\/blog\/bunyamin-surmeliden-13-kasim-19-kasim-hava-durumu-tahmini\/#primaryimage","url":"https:\/\/www.unicosigorta.com.tr\/blog\/dosyalar\/2018\/11\/Bu\u0308nyamin-Su\u0308rmeli-13-19-Kas\u0131m-Go\u0308rsel.jpg","contentUrl":"https:\/\/www.unicosigorta.com.tr\/blog\/dosyalar\/2018\/11\/Bu\u0308nyamin-Su\u0308rmeli-13-19-Kas\u0131m-Go\u0308rsel.jpg","width":1595,"height":899},{"@type":"BreadcrumbList","@id":"https:\/\/www.unicosigorta.com.tr\/blog\/bunyamin-surmeliden-13-kasim-19-kasim-hava-durumu-tahmini\/#breadcrumb","itemListElement":[{"@type":"ListItem","position":1,"name":"Ana sayfa","item":"https:\/\/www.unicosigorta.com.tr\/blog\/"},{"@type":"ListItem","position":2,"name":"B\u00fcnyamin S\u00fcrmeli\u2019den 13 Kas\u0131m \u2013 19 Kas\u0131m Hava Durumu Tahmini"}]},{"@type":"WebSite","@id":"https:\/\/www.unicosigorta.com.tr\/blog\/#website","url":"https:\/\/www.unicosigorta.com.tr\/blog\/","name":"Unico Blog","description":"De\u011ferini Bilir, G\u00fcven Verir.","publisher":{"@id":"https:\/\/www.unicosigorta.com.tr\/blog\/#organization"},"potentialAction":[{"@type":"SearchAction","target":{"@type":"EntryPoint","urlTemplate":"https:\/\/www.unicosigorta.com.tr\/blog\/?s={search_term_string}"},"query-input":{"@type":"PropertyValueSpecification","valueRequired":true,"valueName":"search_term_string"}}],"inLanguage":"tr"},{"@type":"Organization","@id":"https:\/\/www.unicosigorta.com.tr\/blog\/#organization","name":"Unico Blog","url":"https:\/\/www.unicosigorta.com.tr\/blog\/","logo":{"@type":"ImageObject","inLanguage":"tr","@id":"https:\/\/www.unicosigorta.com.tr\/blog\/#\/schema\/logo\/image\/","url":"https:\/\/www.unicosigorta.com.tr\/blog\/dosyalar\/2025\/10\/cropped-uni-logo-2.jpg","contentUrl":"https:\/\/www.unicosigorta.com.tr\/blog\/dosyalar\/2025\/10\/cropped-uni-logo-2.jpg","width":512,"height":512,"caption":"Unico Blog"},"image":{"@id":"https:\/\/www.unicosigorta.com.tr\/blog\/#\/schema\/logo\/image\/"}},{"@type":"Person","@id":"https:\/\/www.unicosigorta.com.tr\/blog\/#\/schema\/person\/faa75dc878ba719bed926ac4ec1f1e7b","name":"unico admin","image":{"@type":"ImageObject","inLanguage":"tr","@id":"https:\/\/www.unicosigorta.com.tr\/blog\/#\/schema\/person\/image\/","url":"https:\/\/secure.gravatar.com\/avatar\/7145c29f894383f262f7ace34e6cb9f51610af77b8f646597b6ffaca67953489?s=96&d=mm&r=g","contentUrl":"https:\/\/secure.gravatar.com\/avatar\/7145c29f894383f262f7ace34e6cb9f51610af77b8f646597b6ffaca67953489?s=96&d=mm&r=g","caption":"unico admin"},"url":"https:\/\/www.unicosigorta.com.tr\/blog\/author\/unicoadmin\/"}]}},"views":3801,"_links":{"self":[{"href":"https:\/\/www.unicosigorta.com.tr\/blog\/wp-json\/wp\/v2\/posts\/834","targetHints":{"allow":["GET"]}}],"collection":[{"href":"https:\/\/www.unicosigorta.com.tr\/blog\/wp-json\/wp\/v2\/posts"}],"about":[{"href":"https:\/\/www.unicosigorta.com.tr\/blog\/wp-json\/wp\/v2\/types\/post"}],"author":[{"embeddable":true,"href":"https:\/\/www.unicosigorta.com.tr\/blog\/wp-json\/wp\/v2\/users\/3"}],"replies":[{"embeddable":true,"href":"https:\/\/www.unicosigorta.com.tr\/blog\/wp-json\/wp\/v2\/comments?post=834"}],"version-history":[{"count":0,"href":"https:\/\/www.unicosigorta.com.tr\/blog\/wp-json\/wp\/v2\/posts\/834\/revisions"}],"wp:featuredmedia":[{"embeddable":true,"href":"https:\/\/www.unicosigorta.com.tr\/blog\/wp-json\/wp\/v2\/media\/835"}],"wp:attachment":[{"href":"https:\/\/www.unicosigorta.com.tr\/blog\/wp-json\/wp\/v2\/media?parent=834"}],"wp:term":[{"taxonomy":"category","embeddable":true,"href":"https:\/\/www.unicosigorta.com.tr\/blog\/wp-json\/wp\/v2\/categories?post=834"},{"taxonomy":"post_tag","embeddable":true,"href":"https:\/\/www.unicosigorta.com.tr\/blog\/wp-json\/wp\/v2\/tags?post=834"}],"curies":[{"name":"wp","href":"https:\/\/api.w.org\/{rel}","templated":true}]}}